{"id":10254,"date":"2014-01-22T02:02:02","date_gmt":"2014-01-22T04:02:02","guid":{"rendered":"https:\/\/blogs.gazetaesportiva.com\/planeta-octogono\/?p=10254"},"modified":"2014-03-15T13:10:44","modified_gmt":"2014-03-15T16:10:44","slug":"glory-anuncia-card-e-contrata-campeao-brasileiro-de-kickboxing-alex-pereira-que-encara-dustin-jacoby-na-croacia-em-marco","status":"publish","type":"post","link":"https:\/\/blogs.gazetaesportiva.com\/planeta-octogono\/2014\/01\/22\/glory-anuncia-card-e-contrata-campeao-brasileiro-de-kickboxing-alex-pereira-que-encara-dustin-jacoby-na-croacia-em-marco\/","title":{"rendered":"GLORY anuncia card e contrata campe\u00e3o brasileiro de kickboxing, Alex Pereira que encara Dustin Jacoby na Cro\u00e1cia em mar\u00e7o"},"content":{"rendered":"<figure id=\"attachment_10255\" aria-describedby=\"caption-attachment-10255\" style=\"width: 620px\" class=\"wp-caption aligncenter\"><a href=\"https:\/\/blogs.gazetaesportiva.com\/planeta-octogono\/files\/2014\/01\/alexpereira.jpeg\"><img loading=\"lazy\" decoding=\"async\" class=\"size-full wp-image-10255\" alt=\"Brasileiro \u00e9 contratado e enfrenta ex lutador de MMA, Dustin Jacoby - Divulga\u00e7\u00e3o CBKB\" src=\"https:\/\/blogs.gazetaesportiva.com\/planeta-octogono\/files\/2014\/01\/alexpereira.jpeg\" width=\"620\" height=\"342\" \/><\/a><figcaption id=\"caption-attachment-10255\" class=\"wp-caption-text\">Brasileiro \u00e9 contratado e enfrenta ex lutador de MMA, Dustin Jacoby &#8211; Divulga\u00e7\u00e3o CBKB<\/figcaption><\/figure>\n<p>&nbsp;<\/p>\n<p>Nesta quarta feira, o GLORY, maior evento de kickboxing do mundo fez grandes an\u00fancios sobre o card da edi\u00e7\u00e3o de mar\u00e7o em Zagreb, na Cro\u00e1cia.<\/p>\n<p>Contratando mais um brasileiro para seu grande plantel que j\u00e1 possui, Anderson Braddock, Saulo Cavalari, Fabiano Cyclone, Jhonata Diniz, Thiago Michel, Danilo Zanolini e Jonathan Oliveira, Alex Pereira \u00e9 mais contratado para a organiza\u00e7\u00e3o.<\/p>\n<p>Campe\u00e3o brasileiro do WGP Kickboxing, Alex possui 27 anos, um cartel de 11 vit\u00f3rias e apenas uma derrota em sua carreira.<\/p>\n<p>O lutador foi escalado pela organiza\u00e7\u00e3o para participar da pr\u00f3xima edi\u00e7\u00e3o do evento em Zagreb no torneio de m\u00e9dios enfrentando o ex lutador de MMA, Dustin Jacoby.<\/p>\n<p>Jacoby participou da edi\u00e7\u00e3o 13 no Jap\u00e3o e foi derrotado pelo japon\u00eas Makoto Uehara na edi\u00e7\u00e3o e volta novamente ao evento em uma das semifinais que vai definir o futuro desafiante de Joe Schilling, campe\u00e3o do GLORY.<\/p>\n<p>A outra semifinal \u00e9 entre Sahak Parparyan contra o americano Jason Wilnis.<\/p>\n<p>&nbsp;<\/p>\n<p style=\"text-align: center\"><strong><em>Combate de Nieky Holzken e De Bonte \u00e9 retirado do card e Andy Ristie retorna ao evento<\/em><\/strong><\/p>\n<p>&nbsp;<\/p>\n<p>Escalado para ser o a co luta principal do evento, o campe\u00e3o meio m\u00e9dio do GLORY, Nieky Holzken enfrentaria o belga Marc De Bonte na edi\u00e7\u00e3o.<\/p>\n<p>Sem anunciar o motivo, a organiza\u00e7\u00e3o mudou os planos e anunciou a volta de Andy Ristie, campe\u00e3o do GP peso leve no GLORY 12 em Nova York.<\/p>\n<p>Segundo De Bonte atrav\u00e9s das redes sociais, o combate teria sido adiado devido a uma les\u00e3o de Holzken no ombro e deve ser escolhida uma nova data.<\/p>\n<p>Ristie enfrenta o lutador americano Ky Hollenback no evento ap\u00f3s vencer a lenda Giorgio Petrosiyan e o holand\u00eas Robin Van Roosmalen.<\/p>\n<p>O evento tem como combate principal a volta da lenda croata Mirko Crocop contra outra lenda, o holand\u00eas Remy Bonjasky e ser\u00e1 a estr\u00e9ia de Mirko na organiza\u00e7\u00e3o.<\/p>\n<p>O GLORY tamb\u00e9m oficializou os combates do croata Igor Yurkovic contra o ingl\u00eas Michael Duut, \u00a0o ucraniano Artur Kyshencko retorna contra o arm\u00eanio Karapet Karapetyan e o combate entre Murthel Groenhart contra o su\u00ed\u00e7o Shemsi Beqiri.<\/p>\n<p>&nbsp;<\/p>\n<figure id=\"attachment_9946\" aria-describedby=\"caption-attachment-9946\" style=\"width: 600px\" class=\"wp-caption aligncenter\"><a href=\"https:\/\/blogs.gazetaesportiva.com\/planeta-octogono\/files\/2014\/01\/holzken.jpg\"><img loading=\"lazy\" decoding=\"async\" class=\"size-full wp-image-9946\" alt=\"Nieky Holzken \u00e9 retirado do card de Zagreb - Bruno Massami\" src=\"https:\/\/blogs.gazetaesportiva.com\/planeta-octogono\/files\/2014\/01\/holzken.jpg\" width=\"600\" height=\"400\" \/><\/a><figcaption id=\"caption-attachment-9946\" class=\"wp-caption-text\">Nieky Holzken \u00e9 retirado do card de Zagreb &#8211; Bruno Massami<\/figcaption><\/figure>\n<p style=\"text-align: center\"><strong><em>Veja o trailer do GLORY 14 Zagreb:<\/em><\/strong><\/p>\n<p style=\"text-align: center\"><strong><em>[yframe url=&#8217;http:\/\/www.youtube.com\/watch?v=TgUSkCp_91I&#8217;]<\/em><\/strong><\/p>\n","protected":false},"excerpt":{"rendered":"<p>&nbsp; Nesta quarta feira, o GLORY, maior evento de kickboxing do mundo fez grandes an\u00fancios sobre o card da edi\u00e7\u00e3o de mar\u00e7o em Zagreb, na <a class=\"read-more\" href=\"https:\/\/blogs.gazetaesportiva.com\/planeta-octogono\/2014\/01\/22\/glory-anuncia-card-e-contrata-campeao-brasileiro-de-kickboxing-alex-pereira-que-encara-dustin-jacoby-na-croacia-em-marco\/\">leia mais<\/a><\/p>\n","protected":false},"author":33,"featured_media":10255,"comment_status":"open","ping_status":"open","sticky":false,"template":"","format":"standard","meta":{"jetpack_post_was_ever_published":false,"_jetpack_newsletter_access":"","_jetpack_dont_email_post_to_subs":false,"_jetpack_newsletter_tier_id":0,"_jetpack_memberships_contains_paywalled_content":false,"_jetpack_memberships_contains_paid_content":false,"footnotes":"","jetpack_publicize_message":"","jetpack_publicize_feature_enabled":true,"jetpack_social_post_already_shared":false,"jetpack_social_options":{"image_generator_settings":{"template":"highway","default_image_id":0,"font":"","enabled":false},"version":2}},"categories":[1],"tags":[],"class_list":["post-10254","post","type-post","status-publish","format-standard","has-post-thumbnail","hentry","category-principal"],"jetpack_publicize_connections":[],"jetpack_featured_media_url":"https:\/\/blogs.gazetaesportiva.com\/planeta-octogono\/files\/2014\/01\/alexpereira.jpeg","jetpack_sharing_enabled":true,"jetpack_shortlink":"https:\/\/wp.me\/p6rqUQ-2Fo","_links":{"self":[{"href":"https:\/\/blogs.gazetaesportiva.com\/planeta-octogono\/wp-json\/wp\/v2\/posts\/10254","targetHints":{"allow":["GET"]}}],"collection":[{"href":"https:\/\/blogs.gazetaesportiva.com\/planeta-octogono\/wp-json\/wp\/v2\/posts"}],"about":[{"href":"https:\/\/blogs.gazetaesportiva.com\/planeta-octogono\/wp-json\/wp\/v2\/types\/post"}],"author":[{"embeddable":true,"href":"https:\/\/blogs.gazetaesportiva.com\/planeta-octogono\/wp-json\/wp\/v2\/users\/33"}],"replies":[{"embeddable":true,"href":"https:\/\/blogs.gazetaesportiva.com\/planeta-octogono\/wp-json\/wp\/v2\/comments?post=10254"}],"version-history":[{"count":0,"href":"https:\/\/blogs.gazetaesportiva.com\/planeta-octogono\/wp-json\/wp\/v2\/posts\/10254\/revisions"}],"wp:featuredmedia":[{"embeddable":true,"href":"https:\/\/blogs.gazetaesportiva.com\/planeta-octogono\/wp-json\/wp\/v2\/media\/10255"}],"wp:attachment":[{"href":"https:\/\/blogs.gazetaesportiva.com\/planeta-octogono\/wp-json\/wp\/v2\/media?parent=10254"}],"wp:term":[{"taxonomy":"category","embeddable":true,"href":"https:\/\/blogs.gazetaesportiva.com\/planeta-octogono\/wp-json\/wp\/v2\/categories?post=10254"},{"taxonomy":"post_tag","embeddable":true,"href":"https:\/\/blogs.gazetaesportiva.com\/planeta-octogono\/wp-json\/wp\/v2\/tags?post=10254"}],"curies":[{"name":"wp","href":"https:\/\/api.w.org\/{rel}","templated":true}]}}