{"id":10003,"date":"2014-01-07T17:31:15","date_gmt":"2014-01-07T19:31:15","guid":{"rendered":"https:\/\/blogs.gazetaesportiva.com\/planeta-octogono\/?p=10003"},"modified":"2014-01-07T17:31:15","modified_gmt":"2014-01-07T19:31:15","slug":"apos-lesao-de-primeiro-oponente-erick-silva-enfrenta-campeao-do-evento-japones-pancrase-takenori-sato-em-jaragua-do-sul","status":"publish","type":"post","link":"https:\/\/blogs.gazetaesportiva.com\/planeta-octogono\/2014\/01\/07\/apos-lesao-de-primeiro-oponente-erick-silva-enfrenta-campeao-do-evento-japones-pancrase-takenori-sato-em-jaragua-do-sul\/","title":{"rendered":"Ap\u00f3s les\u00e3o de primeiro oponente, \u00c9rick Silva enfrenta campe\u00e3o do evento japon\u00eas Pancrase, Takenori Sato em Jaragu\u00e1 do Sul"},"content":{"rendered":"<figure id=\"attachment_9971\" aria-describedby=\"caption-attachment-9971\" style=\"width: 600px\" class=\"wp-caption aligncenter\"><a href=\"https:\/\/blogs.gazetaesportiva.com\/planeta-octogono\/files\/2014\/01\/1086_08.32.2013_37632_ef_20130608.jpg\"><img loading=\"lazy\" decoding=\"async\" class=\" wp-image-9971 \" alt=\"\u00c9rick Silva conhece novo advers\u00e1rio - Gaspar N\u00f3brega\/Inovafoto\" src=\"https:\/\/blogs.gazetaesportiva.com\/planeta-octogono\/files\/2014\/01\/1086_08.32.2013_37632_ef_20130608.jpg\" width=\"600\" height=\"432\" \/><\/a><figcaption id=\"caption-attachment-9971\" class=\"wp-caption-text\">\u00c9rick Silva conhece novo advers\u00e1rio &#8211; Gaspar N\u00f3brega\/Inovafoto<\/figcaption><\/figure>\n<p>&nbsp;<\/p>\n<p>O UFC agiu r\u00e1pido e j\u00e1 selecionou um novo oponente para o brasileiro \u00c9rick Silva.<\/p>\n<p>Ap\u00f3s ver Nate Loughran se machucar e sair do evento, \u00c9rick vai enfrentar o novo contratado da organiza\u00e7\u00e3o, o japon\u00eas Takenori Sato, campe\u00e3o do evento Pancrase.<\/p>\n<p>A informa\u00e7\u00e3o foi divulgada pelo site combate.com, que confirmou com a organiza\u00e7\u00e3o o acerto com o lutador japon\u00eas e o combate contra \u00c9rick.<\/p>\n<p>Ap\u00f3s ser derrotado por nocaute para o sul coreano Dong Hyun Kim em Barueri, \u00c9rick vai enfrentar outro lutador da \u00c1sia que \u00e9 experiente no MMA.<\/p>\n<p>Sato tem 17 vit\u00f3rias, 8 derrotas e 6 empates e est\u00e1 invicto a 10 lutas no Pancrase, considerado atualmente o maior evento de MMA do Jap\u00e3o.<\/p>\n<p>Lutador de solo, Sato j\u00e1 enfrentou nomes conhecidos como os japoneses Yuki Kondo e o novo contratado do UFC, Kiichi Strasser.<\/p>\n<p>&nbsp;<\/p>\n<figure id=\"attachment_10004\" aria-describedby=\"caption-attachment-10004\" style=\"width: 640px\" class=\"wp-caption aligncenter\"><a href=\"https:\/\/blogs.gazetaesportiva.com\/planeta-octogono\/files\/2014\/01\/takenorisato.jpg\"><img loading=\"lazy\" decoding=\"async\" class=\"size-full wp-image-10004\" alt=\"Sato \u00e9 campe\u00e3o do evento japon\u00eas Pancrase - Divulga\u00e7\u00e3o Pancrase\" src=\"https:\/\/blogs.gazetaesportiva.com\/planeta-octogono\/files\/2014\/01\/takenorisato.jpg\" width=\"640\" height=\"480\" \/><\/a><figcaption id=\"caption-attachment-10004\" class=\"wp-caption-text\">Sato \u00e9 campe\u00e3o do evento japon\u00eas Pancrase &#8211; Divulga\u00e7\u00e3o Pancrase<\/figcaption><\/figure>\n<p>&nbsp;<\/p>\n<p style=\"text-align: center\"><strong><em>Conhe\u00e7a o novo advers\u00e1rio de \u00c9rick Silva, Takenori Sato:<\/em><\/strong><\/p>\n<p style=\"text-align: center\"><strong><em>[yframe url=&#8217;http:\/\/www.youtube.com\/watch?v=ebetTxDUchw&#8217;]<\/em><\/strong><\/p>\n","protected":false},"excerpt":{"rendered":"<p>&nbsp; O UFC agiu r\u00e1pido e j\u00e1 selecionou um novo oponente para o brasileiro \u00c9rick Silva. Ap\u00f3s ver Nate Loughran se machucar e sair do <a class=\"read-more\" href=\"https:\/\/blogs.gazetaesportiva.com\/planeta-octogono\/2014\/01\/07\/apos-lesao-de-primeiro-oponente-erick-silva-enfrenta-campeao-do-evento-japones-pancrase-takenori-sato-em-jaragua-do-sul\/\">leia mais<\/a><\/p>\n","protected":false},"author":33,"featured_media":10004,"comment_status":"open","ping_status":"open","sticky":false,"template":"","format":"standard","meta":{"jetpack_post_was_ever_published":false,"_jetpack_newsletter_access":"","_jetpack_dont_email_post_to_subs":false,"_jetpack_newsletter_tier_id":0,"_jetpack_memberships_contains_paywalled_content":false,"_jetpack_memberships_contains_paid_content":false,"footnotes":"","jetpack_publicize_message":"","jetpack_publicize_feature_enabled":true,"jetpack_social_post_already_shared":false,"jetpack_social_options":{"image_generator_settings":{"template":"highway","default_image_id":0,"font":"","enabled":false},"version":2}},"categories":[1],"tags":[],"class_list":["post-10003","post","type-post","status-publish","format-standard","has-post-thumbnail","hentry","category-principal"],"jetpack_publicize_connections":[],"jetpack_featured_media_url":"https:\/\/blogs.gazetaesportiva.com\/planeta-octogono\/files\/2014\/01\/takenorisato.jpg","jetpack_sharing_enabled":true,"jetpack_shortlink":"https:\/\/wp.me\/p6rqUQ-2Bl","_links":{"self":[{"href":"https:\/\/blogs.gazetaesportiva.com\/planeta-octogono\/wp-json\/wp\/v2\/posts\/10003","targetHints":{"allow":["GET"]}}],"collection":[{"href":"https:\/\/blogs.gazetaesportiva.com\/planeta-octogono\/wp-json\/wp\/v2\/posts"}],"about":[{"href":"https:\/\/blogs.gazetaesportiva.com\/planeta-octogono\/wp-json\/wp\/v2\/types\/post"}],"author":[{"embeddable":true,"href":"https:\/\/blogs.gazetaesportiva.com\/planeta-octogono\/wp-json\/wp\/v2\/users\/33"}],"replies":[{"embeddable":true,"href":"https:\/\/blogs.gazetaesportiva.com\/planeta-octogono\/wp-json\/wp\/v2\/comments?post=10003"}],"version-history":[{"count":0,"href":"https:\/\/blogs.gazetaesportiva.com\/planeta-octogono\/wp-json\/wp\/v2\/posts\/10003\/revisions"}],"wp:featuredmedia":[{"embeddable":true,"href":"https:\/\/blogs.gazetaesportiva.com\/planeta-octogono\/wp-json\/wp\/v2\/media\/10004"}],"wp:attachment":[{"href":"https:\/\/blogs.gazetaesportiva.com\/planeta-octogono\/wp-json\/wp\/v2\/media?parent=10003"}],"wp:term":[{"taxonomy":"category","embeddable":true,"href":"https:\/\/blogs.gazetaesportiva.com\/planeta-octogono\/wp-json\/wp\/v2\/categories?post=10003"},{"taxonomy":"post_tag","embeddable":true,"href":"https:\/\/blogs.gazetaesportiva.com\/planeta-octogono\/wp-json\/wp\/v2\/tags?post=10003"}],"curies":[{"name":"wp","href":"https:\/\/api.w.org\/{rel}","templated":true}]}}