{"id":5004,"date":"2020-01-05T15:12:28","date_gmt":"2020-01-05T18:12:28","guid":{"rendered":"https:\/\/blogs.gazetaesportiva.com\/michellegiannella\/?p=5004"},"modified":"2020-02-05T15:16:23","modified_gmt":"2020-02-05T18:16:23","slug":"trofeu-mesa-redonda-2019","status":"publish","type":"post","link":"https:\/\/blogs.gazetaesportiva.com\/michellegiannella\/2020\/01\/05\/trofeu-mesa-redonda-2019\/","title":{"rendered":"Trof\u00e9u Mesa Redonda 2019"},"content":{"rendered":"<p>Nossa 16\u00aa edi\u00e7\u00e3o do Trof\u00e9u Mesa Redonda foi um sucesso !<\/p>\n<p><img loading=\"lazy\" decoding=\"async\" class=\"aligncenter size-full wp-image-5006\" src=\"https:\/\/blogs.gazetaesportiva.com\/michellegiannella\/files\/2020\/02\/thumbnail_Trof\u00e9u-Mesa-Redonda-1.jpg\" alt=\"\" width=\"1280\" height=\"854\" srcset=\"https:\/\/blogs.gazetaesportiva.com\/michellegiannella\/files\/2020\/02\/thumbnail_Trof\u00e9u-Mesa-Redonda-1.jpg 1280w, https:\/\/blogs.gazetaesportiva.com\/michellegiannella\/files\/2020\/02\/thumbnail_Trof\u00e9u-Mesa-Redonda-1-300x200.jpg 300w, https:\/\/blogs.gazetaesportiva.com\/michellegiannella\/files\/2020\/02\/thumbnail_Trof\u00e9u-Mesa-Redonda-1-768x512.jpg 768w, https:\/\/blogs.gazetaesportiva.com\/michellegiannella\/files\/2020\/02\/thumbnail_Trof\u00e9u-Mesa-Redonda-1-1024x683.jpg 1024w, https:\/\/blogs.gazetaesportiva.com\/michellegiannella\/files\/2020\/02\/thumbnail_Trof\u00e9u-Mesa-Redonda-1-120x80.jpg 120w\" sizes=\"auto, (max-width: 1280px) 100vw, 1280px\" \/><\/p>\n<p><img loading=\"lazy\" decoding=\"async\" class=\"aligncenter size-full wp-image-5007\" src=\"https:\/\/blogs.gazetaesportiva.com\/michellegiannella\/files\/2020\/02\/thumbnail__MAR0675-1.jpg\" alt=\"\" width=\"1280\" height=\"851\" srcset=\"https:\/\/blogs.gazetaesportiva.com\/michellegiannella\/files\/2020\/02\/thumbnail__MAR0675-1.jpg 1280w, https:\/\/blogs.gazetaesportiva.com\/michellegiannella\/files\/2020\/02\/thumbnail__MAR0675-1-300x199.jpg 300w, https:\/\/blogs.gazetaesportiva.com\/michellegiannella\/files\/2020\/02\/thumbnail__MAR0675-1-768x511.jpg 768w, https:\/\/blogs.gazetaesportiva.com\/michellegiannella\/files\/2020\/02\/thumbnail__MAR0675-1-1024x681.jpg 1024w, https:\/\/blogs.gazetaesportiva.com\/michellegiannella\/files\/2020\/02\/thumbnail__MAR0675-1-120x80.jpg 120w\" sizes=\"auto, (max-width: 1280px) 100vw, 1280px\" \/><\/p>\n","protected":false},"excerpt":{"rendered":"<p>Nossa 16\u00aa edi\u00e7\u00e3o do Trof\u00e9u Mesa Redonda foi um sucesso !<\/p>\n","protected":false},"author":14,"featured_media":5007,"comment_status":"open","ping_status":"open","sticky":false,"template":"","format":"standard","meta":{"jetpack_post_was_ever_published":false,"_jetpack_newsletter_access":"","_jetpack_dont_email_post_to_subs":false,"_jetpack_newsletter_tier_id":0,"_jetpack_memberships_contains_paywalled_content":false,"_jetpack_memberships_contains_paid_content":false,"footnotes":"","jetpack_publicize_message":"","jetpack_publicize_feature_enabled":true,"jetpack_social_post_already_shared":false,"jetpack_social_options":{"image_generator_settings":{"template":"highway","default_image_id":0,"font":"","enabled":false},"version":2}},"categories":[1],"tags":[43],"class_list":["post-5004","post","type-post","status-publish","format-standard","has-post-thumbnail","hentry","category-sem-categoria","tag-trofeu-mesa-redonda"],"jetpack_publicize_connections":[],"jetpack_featured_media_url":"https:\/\/blogs.gazetaesportiva.com\/michellegiannella\/files\/2020\/02\/thumbnail__MAR0675-1.jpg","jetpack_sharing_enabled":true,"jetpack_shortlink":"https:\/\/wp.me\/p6rrMZ-1iI","_links":{"self":[{"href":"https:\/\/blogs.gazetaesportiva.com\/michellegiannella\/wp-json\/wp\/v2\/posts\/5004","targetHints":{"allow":["GET"]}}],"collection":[{"href":"https:\/\/blogs.gazetaesportiva.com\/michellegiannella\/wp-json\/wp\/v2\/posts"}],"about":[{"href":"https:\/\/blogs.gazetaesportiva.com\/michellegiannella\/wp-json\/wp\/v2\/types\/post"}],"author":[{"embeddable":true,"href":"https:\/\/blogs.gazetaesportiva.com\/michellegiannella\/wp-json\/wp\/v2\/users\/14"}],"replies":[{"embeddable":true,"href":"https:\/\/blogs.gazetaesportiva.com\/michellegiannella\/wp-json\/wp\/v2\/comments?post=5004"}],"version-history":[{"count":0,"href":"https:\/\/blogs.gazetaesportiva.com\/michellegiannella\/wp-json\/wp\/v2\/posts\/5004\/revisions"}],"wp:featuredmedia":[{"embeddable":true,"href":"https:\/\/blogs.gazetaesportiva.com\/michellegiannella\/wp-json\/wp\/v2\/media\/5007"}],"wp:attachment":[{"href":"https:\/\/blogs.gazetaesportiva.com\/michellegiannella\/wp-json\/wp\/v2\/media?parent=5004"}],"wp:term":[{"taxonomy":"category","embeddable":true,"href":"https:\/\/blogs.gazetaesportiva.com\/michellegiannella\/wp-json\/wp\/v2\/categories?post=5004"},{"taxonomy":"post_tag","embeddable":true,"href":"https:\/\/blogs.gazetaesportiva.com\/michellegiannella\/wp-json\/wp\/v2\/tags?post=5004"}],"curies":[{"name":"wp","href":"https:\/\/api.w.org\/{rel}","templated":true}]}}