{"id":4996,"date":"2020-01-26T22:11:23","date_gmt":"2020-01-27T01:11:23","guid":{"rendered":"https:\/\/blogs.gazetaesportiva.com\/michellegiannella\/?p=4996"},"modified":"2020-01-26T23:28:56","modified_gmt":"2020-01-27T02:28:56","slug":"o-que-esperar-de-2020-nos-4-grandes","status":"publish","type":"post","link":"https:\/\/blogs.gazetaesportiva.com\/michellegiannella\/2020\/01\/26\/o-que-esperar-de-2020-nos-4-grandes\/","title":{"rendered":"O que esperar em 2020 nos 4 grandes!"},"content":{"rendered":"<figure id=\"attachment_4999\" aria-describedby=\"caption-attachment-4999\" style=\"width: 800px\" class=\"wp-caption aligncenter\"><a href=\"https:\/\/blogs.gazetaesportiva.com\/michellegiannella\/files\/2020\/01\/8049_crop_galeria.jpg\"><img loading=\"lazy\" decoding=\"async\" class=\"size-full wp-image-4999\" src=\"https:\/\/blogs.gazetaesportiva.com\/michellegiannella\/files\/2020\/01\/8049_crop_galeria.jpg\" alt=\"\" width=\"800\" height=\"515\" srcset=\"https:\/\/blogs.gazetaesportiva.com\/michellegiannella\/files\/2020\/01\/8049_crop_galeria.jpg 800w, https:\/\/blogs.gazetaesportiva.com\/michellegiannella\/files\/2020\/01\/8049_crop_galeria-300x193.jpg 300w, https:\/\/blogs.gazetaesportiva.com\/michellegiannella\/files\/2020\/01\/8049_crop_galeria-768x494.jpg 768w\" sizes=\"auto, (max-width: 800px) 100vw, 800px\" \/><\/a><figcaption id=\"caption-attachment-4999\" class=\"wp-caption-text\">Foto: Rubens Chiri\/SPFC<\/figcaption><\/figure>\n<p>Oi gente!<\/p>\n<p>Voltando depois de um per\u00edodo sumida, tive uma fase insana de trabalho no final do ano passado, todos os preparativos pro Trof\u00e9u Mesa Redonda, mas agora vambora!<\/p>\n<p>Minhas opini\u00f5es sobre 2020 e os 4 grandes paulistas pra voc\u00eas!<\/p>\n<p>Corinthians &#8211; Tiago Nunes precisa de tempo para trabalhar, precisa de respaldo da diretoria e da torcida, mas n\u00e3o sei se este ano o Corinthians vencer\u00e1 algum t\u00edtulo porque infelizmente o futebol n\u00e3o d\u00e1 tempo para os treinadores. O que vi neste jogo contra o Mirassol foi o time alvinegro muito pressionado pelo advers\u00e1rio. Tomou sufoco.<\/p>\n<p>Palmeiras &#8211; Luxemburgo vem com a faca nos dentes. Muito mais experiente, um dos maiores t\u00e9cnicos da hist\u00f3ria brasileira vem com vontade de levar a Libertadores. O Palmeiras tem potencial. Acredito no Verd\u00e3o.<\/p>\n<p>S\u00e3o Paulo &#8211; Daniel Alves tem sido um pepino daqueles para Fernando Diniz. Infelizmente n\u00e3o vejo nesse per\u00edodo (desde que assumiu o time) uma evolu\u00e7\u00e3o na equipe do Morumbi.<\/p>\n<p>Santos &#8211; injusto da minha parte falar sobre Jesualdo. Pra mim, a maior inc\u00f3gnita dos quatro porque n\u00e3o acompanho muito o trabalho deste treinador. Pelo menos, mais simp\u00e1tico do que Sampaoli ele \u00e9.<\/p>\n<p>Um beijo a todos voc\u00eas, excelente 2020 e prometo escrever muito mais aqui! At\u00e9 breve!<\/p>\n<p>&nbsp;<\/p>\n","protected":false},"excerpt":{"rendered":"<p>Oi gente! Voltando depois de um per\u00edodo sumida, tive uma fase insana de trabalho no final do ano passado, todos os preparativos pro Trof\u00e9u Mesa <a class=\"read-more\" href=\"https:\/\/blogs.gazetaesportiva.com\/michellegiannella\/2020\/01\/26\/o-que-esperar-de-2020-nos-4-grandes\/\">leia mais<\/a><\/p>\n","protected":false},"author":14,"featured_media":4999,"comment_status":"open","ping_status":"open","sticky":false,"template":"","format":"standard","meta":{"jetpack_post_was_ever_published":false,"_jetpack_newsletter_access":"","_jetpack_dont_email_post_to_subs":false,"_jetpack_newsletter_tier_id":0,"_jetpack_memberships_contains_paywalled_content":false,"_jetpack_memberships_contains_paid_content":false,"footnotes":"","jetpack_publicize_message":"","jetpack_publicize_feature_enabled":true,"jetpack_social_post_already_shared":false,"jetpack_social_options":{"image_generator_settings":{"template":"highway","default_image_id":0,"font":"","enabled":false},"version":2}},"categories":[38,40,41,39,1],"tags":[],"class_list":["post-4996","post","type-post","status-publish","format-standard","has-post-thumbnail","hentry","category-corinthians","category-palmeiras","category-santos","category-sao-paulo","category-sem-categoria"],"jetpack_publicize_connections":[],"jetpack_featured_media_url":"https:\/\/blogs.gazetaesportiva.com\/michellegiannella\/files\/2020\/01\/8049_crop_galeria.jpg","jetpack_sharing_enabled":true,"jetpack_shortlink":"https:\/\/wp.me\/p6rrMZ-1iA","_links":{"self":[{"href":"https:\/\/blogs.gazetaesportiva.com\/michellegiannella\/wp-json\/wp\/v2\/posts\/4996","targetHints":{"allow":["GET"]}}],"collection":[{"href":"https:\/\/blogs.gazetaesportiva.com\/michellegiannella\/wp-json\/wp\/v2\/posts"}],"about":[{"href":"https:\/\/blogs.gazetaesportiva.com\/michellegiannella\/wp-json\/wp\/v2\/types\/post"}],"author":[{"embeddable":true,"href":"https:\/\/blogs.gazetaesportiva.com\/michellegiannella\/wp-json\/wp\/v2\/users\/14"}],"replies":[{"embeddable":true,"href":"https:\/\/blogs.gazetaesportiva.com\/michellegiannella\/wp-json\/wp\/v2\/comments?post=4996"}],"version-history":[{"count":0,"href":"https:\/\/blogs.gazetaesportiva.com\/michellegiannella\/wp-json\/wp\/v2\/posts\/4996\/revisions"}],"wp:featuredmedia":[{"embeddable":true,"href":"https:\/\/blogs.gazetaesportiva.com\/michellegiannella\/wp-json\/wp\/v2\/media\/4999"}],"wp:attachment":[{"href":"https:\/\/blogs.gazetaesportiva.com\/michellegiannella\/wp-json\/wp\/v2\/media?parent=4996"}],"wp:term":[{"taxonomy":"category","embeddable":true,"href":"https:\/\/blogs.gazetaesportiva.com\/michellegiannella\/wp-json\/wp\/v2\/categories?post=4996"},{"taxonomy":"post_tag","embeddable":true,"href":"https:\/\/blogs.gazetaesportiva.com\/michellegiannella\/wp-json\/wp\/v2\/tags?post=4996"}],"curies":[{"name":"wp","href":"https:\/\/api.w.org\/{rel}","templated":true}]}}