{"id":4989,"date":"2019-09-03T16:15:29","date_gmt":"2019-09-03T19:15:29","guid":{"rendered":"https:\/\/blogs.gazetaesportiva.com\/michellegiannella\/?p=4989"},"modified":"2019-09-03T16:29:21","modified_gmt":"2019-09-03T19:29:21","slug":"palmeiras-erra-na-contratacao-de-mano","status":"publish","type":"post","link":"https:\/\/blogs.gazetaesportiva.com\/michellegiannella\/2019\/09\/03\/palmeiras-erra-na-contratacao-de-mano\/","title":{"rendered":"Palmeiras erra na contrata\u00e7\u00e3o de Mano"},"content":{"rendered":"<figure id=\"attachment_4991\" aria-describedby=\"caption-attachment-4991\" style=\"width: 640px\" class=\"wp-caption aligncenter\"><a href=\"https:\/\/blogs.gazetaesportiva.com\/michellegiannella\/files\/2019\/09\/48351179787_00d969687d_k.jpg\"><img loading=\"lazy\" decoding=\"async\" class=\"size-large wp-image-4991\" src=\"https:\/\/blogs.gazetaesportiva.com\/michellegiannella\/files\/2019\/09\/48351179787_00d969687d_k-1024x684.jpg\" alt=\"\" width=\"640\" height=\"428\" srcset=\"https:\/\/blogs.gazetaesportiva.com\/michellegiannella\/files\/2019\/09\/48351179787_00d969687d_k-1024x684.jpg 1024w, https:\/\/blogs.gazetaesportiva.com\/michellegiannella\/files\/2019\/09\/48351179787_00d969687d_k-300x200.jpg 300w, https:\/\/blogs.gazetaesportiva.com\/michellegiannella\/files\/2019\/09\/48351179787_00d969687d_k-768x513.jpg 768w, https:\/\/blogs.gazetaesportiva.com\/michellegiannella\/files\/2019\/09\/48351179787_00d969687d_k-120x80.jpg 120w, https:\/\/blogs.gazetaesportiva.com\/michellegiannella\/files\/2019\/09\/48351179787_00d969687d_k.jpg 2048w\" sizes=\"auto, (max-width: 640px) 100vw, 640px\" \/><\/a><figcaption id=\"caption-attachment-4991\" class=\"wp-caption-text\">Foto: Bruno Haddad\/CEC<\/figcaption><\/figure>\n<p>O Palmeiras n\u00e3o poderia ter errado mais na contrata\u00e7\u00e3o de Mano Menezes neste momento. Os palmeirenses estavam descontentes com Felip\u00e3o, sim, mas apesar de tudo, o treinador tinha hist\u00f3ria com o clube e com a torcida. A identifica\u00e7\u00e3o era a alma do neg\u00f3cio. No entanto, a contrata\u00e7\u00e3o de Mano Menezes, chega debaixo de tantos, mas tantos protestos que a diretoria est\u00e1 atordoada. Ningu\u00e9m se pronunciou oficialmente na frente das c\u00e2meras, tudo foi feito pelas redes sociais. E o estrondo, a repercuss\u00e3o negativa, n\u00e3o poderia ter sido maior nem pior.<\/p>\n<p>Mano tem muita identifica\u00e7\u00e3o com a torcida corintiana, e mais do que isso, vem com a mesma filosofia de Felip\u00e3o. O jeito de jogar fechado, retranqueiro. \u00c9 mais do mesmo.<\/p>\n<p>Ser\u00e1 que ele conseguir\u00e1 tirar algo novo desse elenco?<\/p>\n<p>Ser\u00e1 que j\u00e1 n\u00e3o era a hora de tentar algo novo, mais arrojado com esse time?<\/p>\n<p>O espa\u00e7o \u00e9 de voc\u00eas&#8230;<\/p>\n","protected":false},"excerpt":{"rendered":"<p>O Palmeiras n\u00e3o poderia ter errado mais na contrata\u00e7\u00e3o de Mano Menezes neste momento. Os palmeirenses estavam descontentes com Felip\u00e3o, sim, mas apesar de tudo, <a class=\"read-more\" href=\"https:\/\/blogs.gazetaesportiva.com\/michellegiannella\/2019\/09\/03\/palmeiras-erra-na-contratacao-de-mano\/\">leia mais<\/a><\/p>\n","protected":false},"author":14,"featured_media":4991,"comment_status":"open","ping_status":"open","sticky":false,"template":"","format":"standard","meta":{"jetpack_post_was_ever_published":false,"_jetpack_newsletter_access":"","_jetpack_dont_email_post_to_subs":false,"_jetpack_newsletter_tier_id":0,"_jetpack_memberships_contains_paywalled_content":false,"_jetpack_memberships_contains_paid_content":false,"footnotes":"","jetpack_publicize_message":"","jetpack_publicize_feature_enabled":true,"jetpack_social_post_already_shared":false,"jetpack_social_options":{"image_generator_settings":{"template":"highway","default_image_id":0,"font":"","enabled":false},"version":2}},"categories":[40],"tags":[],"class_list":["post-4989","post","type-post","status-publish","format-standard","has-post-thumbnail","hentry","category-palmeiras"],"jetpack_publicize_connections":[],"jetpack_featured_media_url":"https:\/\/blogs.gazetaesportiva.com\/michellegiannella\/files\/2019\/09\/48351179787_00d969687d_k.jpg","jetpack_sharing_enabled":true,"jetpack_shortlink":"https:\/\/wp.me\/p6rrMZ-1it","_links":{"self":[{"href":"https:\/\/blogs.gazetaesportiva.com\/michellegiannella\/wp-json\/wp\/v2\/posts\/4989","targetHints":{"allow":["GET"]}}],"collection":[{"href":"https:\/\/blogs.gazetaesportiva.com\/michellegiannella\/wp-json\/wp\/v2\/posts"}],"about":[{"href":"https:\/\/blogs.gazetaesportiva.com\/michellegiannella\/wp-json\/wp\/v2\/types\/post"}],"author":[{"embeddable":true,"href":"https:\/\/blogs.gazetaesportiva.com\/michellegiannella\/wp-json\/wp\/v2\/users\/14"}],"replies":[{"embeddable":true,"href":"https:\/\/blogs.gazetaesportiva.com\/michellegiannella\/wp-json\/wp\/v2\/comments?post=4989"}],"version-history":[{"count":0,"href":"https:\/\/blogs.gazetaesportiva.com\/michellegiannella\/wp-json\/wp\/v2\/posts\/4989\/revisions"}],"wp:featuredmedia":[{"embeddable":true,"href":"https:\/\/blogs.gazetaesportiva.com\/michellegiannella\/wp-json\/wp\/v2\/media\/4991"}],"wp:attachment":[{"href":"https:\/\/blogs.gazetaesportiva.com\/michellegiannella\/wp-json\/wp\/v2\/media?parent=4989"}],"wp:term":[{"taxonomy":"category","embeddable":true,"href":"https:\/\/blogs.gazetaesportiva.com\/michellegiannella\/wp-json\/wp\/v2\/categories?post=4989"},{"taxonomy":"post_tag","embeddable":true,"href":"https:\/\/blogs.gazetaesportiva.com\/michellegiannella\/wp-json\/wp\/v2\/tags?post=4989"}],"curies":[{"name":"wp","href":"https:\/\/api.w.org\/{rel}","templated":true}]}}