{"id":4973,"date":"2019-07-09T16:37:38","date_gmt":"2019-07-09T19:37:38","guid":{"rendered":"https:\/\/blogs.gazetaesportiva.com\/michellegiannella\/?p=4973"},"modified":"2019-07-09T16:47:11","modified_gmt":"2019-07-09T19:47:11","slug":"neymar-e-a-guerra-contra-o-psg","status":"publish","type":"post","link":"https:\/\/blogs.gazetaesportiva.com\/michellegiannella\/2019\/07\/09\/neymar-e-a-guerra-contra-o-psg\/","title":{"rendered":"Neymar e a guerra contra o PSG"},"content":{"rendered":"<figure id=\"attachment_4975\" aria-describedby=\"caption-attachment-4975\" style=\"width: 640px\" class=\"wp-caption aligncenter\"><a href=\"https:\/\/blogs.gazetaesportiva.com\/michellegiannella\/files\/2019\/07\/neymar-michelle.jpg\"><img loading=\"lazy\" decoding=\"async\" class=\"size-large wp-image-4975\" src=\"https:\/\/blogs.gazetaesportiva.com\/michellegiannella\/files\/2019\/07\/neymar-michelle-1024x731.jpg\" alt=\"\" width=\"640\" height=\"457\" srcset=\"https:\/\/blogs.gazetaesportiva.com\/michellegiannella\/files\/2019\/07\/neymar-michelle.jpg 1024w, https:\/\/blogs.gazetaesportiva.com\/michellegiannella\/files\/2019\/07\/neymar-michelle-300x214.jpg 300w, https:\/\/blogs.gazetaesportiva.com\/michellegiannella\/files\/2019\/07\/neymar-michelle-768x548.jpg 768w\" sizes=\"auto, (max-width: 640px) 100vw, 640px\" \/><\/a><figcaption id=\"caption-attachment-4975\" class=\"wp-caption-text\">Foto: Lionel BONAVENTURE \/ AFP<\/figcaption><\/figure>\n<p>Neymar n\u00e3o se apresentou, o PSG reclamou e o pai do atleta se manifestou dizendo que estava combinado que ele iria voltar apenas no dia 15 de julho porque tinha compromissos anteriormente assumidos com o Instituto Neymar. O clube franc\u00eas disse que tomar\u00e1 as atitudes cab\u00edveis.<\/p>\n<p>Na Fran\u00e7a n\u00e3o h\u00e1 multa de rescis\u00e3o contratual. Jogador e time precisam entrar em acordo. Geralmente nessa guerra, o atleta costuma levar a melhor, mas nos \u00faltimos tempos, a exce\u00e7\u00e3o foi justamente um jogador do pr\u00f3prio PSG, o volante Marco Verratti, que em 2017 disse que ia embora, acertou contrato com o Barcelona e o PSG disse na na ni na n\u00e3o e segurou o jogador.<\/p>\n<p>Minha opini\u00e3o: se Neymar n\u00e3o quer mais jogar no PSG, que seja ao menos profissional. A imagem dele est\u00e1 muito desgastada. Suas atitudes s\u00e3o infantis. Faz tempo que n\u00e3o falamos de seu futebol.<\/p>\n<p>E voc\u00ea, o que acha?<\/p>\n","protected":false},"excerpt":{"rendered":"<p>Neymar n\u00e3o se apresentou, o PSG reclamou e o pai do atleta se manifestou dizendo que estava combinado que ele iria voltar apenas no dia <a class=\"read-more\" href=\"https:\/\/blogs.gazetaesportiva.com\/michellegiannella\/2019\/07\/09\/neymar-e-a-guerra-contra-o-psg\/\">leia mais<\/a><\/p>\n","protected":false},"author":14,"featured_media":4975,"comment_status":"open","ping_status":"open","sticky":false,"template":"","format":"standard","meta":{"jetpack_post_was_ever_published":false,"_jetpack_newsletter_access":"","_jetpack_dont_email_post_to_subs":false,"_jetpack_newsletter_tier_id":0,"_jetpack_memberships_contains_paywalled_content":false,"_jetpack_memberships_contains_paid_content":false,"footnotes":"","jetpack_publicize_message":"","jetpack_publicize_feature_enabled":true,"jetpack_social_post_already_shared":false,"jetpack_social_options":{"image_generator_settings":{"template":"highway","default_image_id":0,"font":"","enabled":false},"version":2}},"categories":[1],"tags":[],"class_list":["post-4973","post","type-post","status-publish","format-standard","has-post-thumbnail","hentry","category-sem-categoria"],"jetpack_publicize_connections":[],"jetpack_featured_media_url":"https:\/\/blogs.gazetaesportiva.com\/michellegiannella\/files\/2019\/07\/neymar-michelle.jpg","jetpack_sharing_enabled":true,"jetpack_shortlink":"https:\/\/wp.me\/p6rrMZ-1id","_links":{"self":[{"href":"https:\/\/blogs.gazetaesportiva.com\/michellegiannella\/wp-json\/wp\/v2\/posts\/4973","targetHints":{"allow":["GET"]}}],"collection":[{"href":"https:\/\/blogs.gazetaesportiva.com\/michellegiannella\/wp-json\/wp\/v2\/posts"}],"about":[{"href":"https:\/\/blogs.gazetaesportiva.com\/michellegiannella\/wp-json\/wp\/v2\/types\/post"}],"author":[{"embeddable":true,"href":"https:\/\/blogs.gazetaesportiva.com\/michellegiannella\/wp-json\/wp\/v2\/users\/14"}],"replies":[{"embeddable":true,"href":"https:\/\/blogs.gazetaesportiva.com\/michellegiannella\/wp-json\/wp\/v2\/comments?post=4973"}],"version-history":[{"count":0,"href":"https:\/\/blogs.gazetaesportiva.com\/michellegiannella\/wp-json\/wp\/v2\/posts\/4973\/revisions"}],"wp:featuredmedia":[{"embeddable":true,"href":"https:\/\/blogs.gazetaesportiva.com\/michellegiannella\/wp-json\/wp\/v2\/media\/4975"}],"wp:attachment":[{"href":"https:\/\/blogs.gazetaesportiva.com\/michellegiannella\/wp-json\/wp\/v2\/media?parent=4973"}],"wp:term":[{"taxonomy":"category","embeddable":true,"href":"https:\/\/blogs.gazetaesportiva.com\/michellegiannella\/wp-json\/wp\/v2\/categories?post=4973"},{"taxonomy":"post_tag","embeddable":true,"href":"https:\/\/blogs.gazetaesportiva.com\/michellegiannella\/wp-json\/wp\/v2\/tags?post=4973"}],"curies":[{"name":"wp","href":"https:\/\/api.w.org\/{rel}","templated":true}]}}