{"id":4971,"date":"2019-07-08T16:11:21","date_gmt":"2019-07-08T19:11:21","guid":{"rendered":"https:\/\/blogs.gazetaesportiva.com\/michellegiannella\/?p=4971"},"modified":"2019-07-09T16:18:41","modified_gmt":"2019-07-09T19:18:41","slug":"7-pontos-sobre-a-copa-america","status":"publish","type":"post","link":"https:\/\/blogs.gazetaesportiva.com\/michellegiannella\/2019\/07\/08\/7-pontos-sobre-a-copa-america\/","title":{"rendered":"7 pontos sobre a Copa Am\u00e9rica"},"content":{"rendered":"<ol>\n<li>A sele\u00e7\u00e3o brasileira ganhou e um t\u00edtulo \u00e9 sempre importante. O time do Peru teve um p\u00eanalti inexistente marcado e contou ainda com a expuls\u00e3o de Gabriel Jesus. Ali\u00e1s, impressionantes os erros do \u00e1rbitro no jogo porque o p\u00eanalti do Brasil tamb\u00e9m n\u00e3o aconteceu.<\/li>\n<li>\u00a0Apesar da descren\u00e7a das pessoas na competi\u00e7\u00e3o, a m\u00e9dia de p\u00fablico na Copa Am\u00e9rica foi de 30 mil pagantes por jogo. Na \u00faltima edi\u00e7\u00e3o em 2011, na Argentina, a m\u00e9dia foi de 33 mil presentes por jogo.<\/li>\n<li>Os vil\u00f5es da Copa Am\u00e9rica foram a arbitragem, o VAR e os gramados.<\/li>\n<li>Os garotos da sele\u00e7\u00e3o deram conta do recado. Gabriel Jesus, Arthur e Richarlisson tem 22 anos, \u00c9verton Cebolinha, 23.<\/li>\n<li>A sele\u00e7\u00e3o ganhou sem Neymar. Claro que ele tem que voltar para o time, mas a equipe n\u00e3o pode ser ref\u00e9m dele.<\/li>\n<li>O futebol brasileiro n\u00e3o est\u00e1 recuperado, mas o trabalho do Tite foi bom.<\/li>\n<li>Por sinal, Tite iniciou um processo de renova\u00e7\u00e3o. Quando ele entrou como t\u00e9cnico renovou 46% do elenco, e agora para a Copa Am\u00e9rica renovou 32% em rela\u00e7\u00e3o ao primeiro ciclo dele. O treinador promete continuar testando novos jogadores.<\/li>\n<\/ol>\n<p>&nbsp;<\/p>\n<p>&nbsp;<\/p>\n","protected":false},"excerpt":{"rendered":"<p>A sele\u00e7\u00e3o brasileira ganhou e um t\u00edtulo \u00e9 sempre importante. O time do Peru teve um p\u00eanalti inexistente marcado e contou ainda com a expuls\u00e3o <a class=\"read-more\" href=\"https:\/\/blogs.gazetaesportiva.com\/michellegiannella\/2019\/07\/08\/7-pontos-sobre-a-copa-america\/\">leia mais<\/a><\/p>\n","protected":false},"author":14,"featured_media":0,"comment_status":"open","ping_status":"open","sticky":false,"template":"","format":"standard","meta":{"jetpack_post_was_ever_published":false,"_jetpack_newsletter_access":"","_jetpack_dont_email_post_to_subs":false,"_jetpack_newsletter_tier_id":0,"_jetpack_memberships_contains_paywalled_content":false,"_jetpack_memberships_contains_paid_content":false,"footnotes":"","jetpack_publicize_message":"","jetpack_publicize_feature_enabled":true,"jetpack_social_post_already_shared":false,"jetpack_social_options":{"image_generator_settings":{"template":"highway","default_image_id":0,"font":"","enabled":false},"version":2}},"categories":[1],"tags":[],"class_list":["post-4971","post","type-post","status-publish","format-standard","hentry","category-sem-categoria"],"jetpack_publicize_connections":[],"jetpack_featured_media_url":"","jetpack_sharing_enabled":true,"jetpack_shortlink":"https:\/\/wp.me\/p6rrMZ-1ib","_links":{"self":[{"href":"https:\/\/blogs.gazetaesportiva.com\/michellegiannella\/wp-json\/wp\/v2\/posts\/4971","targetHints":{"allow":["GET"]}}],"collection":[{"href":"https:\/\/blogs.gazetaesportiva.com\/michellegiannella\/wp-json\/wp\/v2\/posts"}],"about":[{"href":"https:\/\/blogs.gazetaesportiva.com\/michellegiannella\/wp-json\/wp\/v2\/types\/post"}],"author":[{"embeddable":true,"href":"https:\/\/blogs.gazetaesportiva.com\/michellegiannella\/wp-json\/wp\/v2\/users\/14"}],"replies":[{"embeddable":true,"href":"https:\/\/blogs.gazetaesportiva.com\/michellegiannella\/wp-json\/wp\/v2\/comments?post=4971"}],"version-history":[{"count":0,"href":"https:\/\/blogs.gazetaesportiva.com\/michellegiannella\/wp-json\/wp\/v2\/posts\/4971\/revisions"}],"wp:attachment":[{"href":"https:\/\/blogs.gazetaesportiva.com\/michellegiannella\/wp-json\/wp\/v2\/media?parent=4971"}],"wp:term":[{"taxonomy":"category","embeddable":true,"href":"https:\/\/blogs.gazetaesportiva.com\/michellegiannella\/wp-json\/wp\/v2\/categories?post=4971"},{"taxonomy":"post_tag","embeddable":true,"href":"https:\/\/blogs.gazetaesportiva.com\/michellegiannella\/wp-json\/wp\/v2\/tags?post=4971"}],"curies":[{"name":"wp","href":"https:\/\/api.w.org\/{rel}","templated":true}]}}