{"id":4968,"date":"2019-07-05T23:27:23","date_gmt":"2019-07-06T02:27:23","guid":{"rendered":"https:\/\/blogs.gazetaesportiva.com\/michellegiannella\/?p=4968"},"modified":"2019-07-05T23:41:25","modified_gmt":"2019-07-06T02:41:25","slug":"peru-o-franco-atirador","status":"publish","type":"post","link":"https:\/\/blogs.gazetaesportiva.com\/michellegiannella\/2019\/07\/05\/peru-o-franco-atirador\/","title":{"rendered":"Peru, o franco atirador"},"content":{"rendered":"<figure id=\"attachment_4970\" aria-describedby=\"caption-attachment-4970\" style=\"width: 1014px\" class=\"wp-caption aligncenter\"><a href=\"https:\/\/blogs.gazetaesportiva.com\/michellegiannella\/files\/2019\/07\/peru.jpg\"><img loading=\"lazy\" decoding=\"async\" class=\"size-full wp-image-4970\" src=\"https:\/\/blogs.gazetaesportiva.com\/michellegiannella\/files\/2019\/07\/peru.jpg\" alt=\"\" width=\"1014\" height=\"602\" srcset=\"https:\/\/blogs.gazetaesportiva.com\/michellegiannella\/files\/2019\/07\/peru.jpg 1014w, https:\/\/blogs.gazetaesportiva.com\/michellegiannella\/files\/2019\/07\/peru-300x178.jpg 300w, https:\/\/blogs.gazetaesportiva.com\/michellegiannella\/files\/2019\/07\/peru-768x456.jpg 768w\" sizes=\"auto, (max-width: 1014px) 100vw, 1014px\" \/><\/a><figcaption id=\"caption-attachment-4970\" class=\"wp-caption-text\">(Foto: Carl de Souza\/AFP)<\/figcaption><\/figure>\n<p>Brasil favorit\u00edssimo. Est\u00e1 com as duas m\u00e3os na ta\u00e7a, s\u00f3 falta soltar o grito de &#8220;\u00c9 , campe\u00e3o!&#8221;. Futebol funciona assim? N\u00e3o, claro que n\u00e3o&#8230;<\/p>\n<p>Palmeiras e Asa de Arapiraca, lembram? Caixinha de surpresas&#8230; 11 contra 11&#8230; o imponder\u00e1vel. Quando o \u00e1rbitro apita tudo entra em jogo. O foco dos atletas, situa\u00e7\u00f5es extra campo, a prele\u00e7\u00e3o, a inspira\u00e7\u00e3o, a transpira\u00e7\u00e3o, o trabalho, a dedica\u00e7\u00e3o e a sorte.<\/p>\n<p>O Peru n\u00e3o tem nada a perder. O azar\u00e3o chegou \u00e0 final da competi\u00e7\u00e3o contra os donos da casa. Gareca fez um bonito trabalho. J\u00e1 o Brasil traz consigo o peso de jogar em casa e o amplo favoritismo. A sele\u00e7\u00e3o parece ter se encontrado, cresceu contra a Argentina, mas mesmo assim ainda n\u00e3o inspira tanta confian\u00e7a.<\/p>\n<p>Fato \u00e9 que s\u00f3 camisa n\u00e3o ganha jogo. Bola na rede \u00e9 o que importa.\u00a0 Ent\u00e3o, time por time vencemos em qualidade, basta mantermos o foco e os p\u00e9s no ch\u00e3o que o resultado certamente vir\u00e1.<\/p>\n","protected":false},"excerpt":{"rendered":"<p>Brasil favorit\u00edssimo. Est\u00e1 com as duas m\u00e3os na ta\u00e7a, s\u00f3 falta soltar o grito de &#8220;\u00c9 , campe\u00e3o!&#8221;. Futebol funciona assim? N\u00e3o, claro que n\u00e3o&#8230; <a class=\"read-more\" href=\"https:\/\/blogs.gazetaesportiva.com\/michellegiannella\/2019\/07\/05\/peru-o-franco-atirador\/\">leia mais<\/a><\/p>\n","protected":false},"author":14,"featured_media":4970,"comment_status":"open","ping_status":"open","sticky":false,"template":"","format":"standard","meta":{"jetpack_post_was_ever_published":false,"_jetpack_newsletter_access":"","_jetpack_dont_email_post_to_subs":false,"_jetpack_newsletter_tier_id":0,"_jetpack_memberships_contains_paywalled_content":false,"_jetpack_memberships_contains_paid_content":false,"footnotes":"","jetpack_publicize_message":"","jetpack_publicize_feature_enabled":true,"jetpack_social_post_already_shared":false,"jetpack_social_options":{"image_generator_settings":{"template":"highway","default_image_id":0,"font":"","enabled":false},"version":2}},"categories":[1],"tags":[],"class_list":["post-4968","post","type-post","status-publish","format-standard","has-post-thumbnail","hentry","category-sem-categoria"],"jetpack_publicize_connections":[],"jetpack_featured_media_url":"https:\/\/blogs.gazetaesportiva.com\/michellegiannella\/files\/2019\/07\/peru.jpg","jetpack_sharing_enabled":true,"jetpack_shortlink":"https:\/\/wp.me\/p6rrMZ-1i8","_links":{"self":[{"href":"https:\/\/blogs.gazetaesportiva.com\/michellegiannella\/wp-json\/wp\/v2\/posts\/4968","targetHints":{"allow":["GET"]}}],"collection":[{"href":"https:\/\/blogs.gazetaesportiva.com\/michellegiannella\/wp-json\/wp\/v2\/posts"}],"about":[{"href":"https:\/\/blogs.gazetaesportiva.com\/michellegiannella\/wp-json\/wp\/v2\/types\/post"}],"author":[{"embeddable":true,"href":"https:\/\/blogs.gazetaesportiva.com\/michellegiannella\/wp-json\/wp\/v2\/users\/14"}],"replies":[{"embeddable":true,"href":"https:\/\/blogs.gazetaesportiva.com\/michellegiannella\/wp-json\/wp\/v2\/comments?post=4968"}],"version-history":[{"count":0,"href":"https:\/\/blogs.gazetaesportiva.com\/michellegiannella\/wp-json\/wp\/v2\/posts\/4968\/revisions"}],"wp:featuredmedia":[{"embeddable":true,"href":"https:\/\/blogs.gazetaesportiva.com\/michellegiannella\/wp-json\/wp\/v2\/media\/4970"}],"wp:attachment":[{"href":"https:\/\/blogs.gazetaesportiva.com\/michellegiannella\/wp-json\/wp\/v2\/media?parent=4968"}],"wp:term":[{"taxonomy":"category","embeddable":true,"href":"https:\/\/blogs.gazetaesportiva.com\/michellegiannella\/wp-json\/wp\/v2\/categories?post=4968"},{"taxonomy":"post_tag","embeddable":true,"href":"https:\/\/blogs.gazetaesportiva.com\/michellegiannella\/wp-json\/wp\/v2\/tags?post=4968"}],"curies":[{"name":"wp","href":"https:\/\/api.w.org\/{rel}","templated":true}]}}