{"id":4957,"date":"2019-06-07T19:23:55","date_gmt":"2019-06-07T22:23:55","guid":{"rendered":"https:\/\/blogs.gazetaesportiva.com\/michellegiannella\/?p=4957"},"modified":"2019-06-07T19:33:03","modified_gmt":"2019-06-07T22:33:03","slug":"tite-erra-ao-convocar-willian","status":"publish","type":"post","link":"https:\/\/blogs.gazetaesportiva.com\/michellegiannella\/2019\/06\/07\/tite-erra-ao-convocar-willian\/","title":{"rendered":"Tite erra ao convocar Willian"},"content":{"rendered":"<figure id=\"attachment_4958\" aria-describedby=\"caption-attachment-4958\" style=\"width: 885px\" class=\"wp-caption aligncenter\"><a href=\"https:\/\/blogs.gazetaesportiva.com\/michellegiannella\/files\/2019\/06\/willian-mi.jpg\"><img loading=\"lazy\" decoding=\"async\" class=\" wp-image-4958\" src=\"https:\/\/blogs.gazetaesportiva.com\/michellegiannella\/files\/2019\/06\/willian-mi.jpg\" alt=\"\" width=\"885\" height=\"498\" srcset=\"https:\/\/blogs.gazetaesportiva.com\/michellegiannella\/files\/2019\/06\/willian-mi.jpg 640w, https:\/\/blogs.gazetaesportiva.com\/michellegiannella\/files\/2019\/06\/willian-mi-300x169.jpg 300w\" sizes=\"auto, (max-width: 885px) 100vw, 885px\" \/><\/a><figcaption id=\"caption-attachment-4958\" class=\"wp-caption-text\">Foto: AFP<\/figcaption><\/figure>\n<p>Todos conhecemos o jeit\u00e3o do Tite. E a contus\u00e3o de Neymar, que poderia representar algo novo e surpreendente na sele\u00e7\u00e3o com a convoca\u00e7\u00e3o de seu substituto, manteve mais do mesmo.<\/p>\n<p>Tudo bem que \u00e9 importante haver continuidade e j\u00e1 conhecer os atletas com quem se trabalha na sele\u00e7\u00e3o, mas Willian teve uma temporada apenas ok na Inglaterra.<\/p>\n<figure id=\"attachment_4959\" aria-describedby=\"caption-attachment-4959\" style=\"width: 403px\" class=\"wp-caption alignright\"><a href=\"https:\/\/blogs.gazetaesportiva.com\/michellegiannella\/files\/2019\/06\/vini-jr.jpg\"><img loading=\"lazy\" decoding=\"async\" class=\" wp-image-4959\" src=\"https:\/\/blogs.gazetaesportiva.com\/michellegiannella\/files\/2019\/06\/vini-jr.jpg\" alt=\"\" width=\"403\" height=\"251\" \/><\/a><figcaption id=\"caption-attachment-4959\" class=\"wp-caption-text\">Foto: AFP<\/figcaption><\/figure>\n<p>Ele cumpre o esquema t\u00e1tico e \u00e9 agressivo quando necess\u00e1rio, mas Tite perdeu a oportunidade de trazer algo novo e supreendente tanto para ele, quanto para a torcida e os advers\u00e1rios.<\/p>\n<p>Vin\u00edcius Junior era o nome do momento. O treinador precisa parar de seguir tanto a cartilha e voltar a apostar no que a torcida quer ver no futebol: ousadia e alegria!<\/p>\n","protected":false},"excerpt":{"rendered":"<p>Todos conhecemos o jeit\u00e3o do Tite. E a contus\u00e3o de Neymar, que poderia representar algo novo e surpreendente na sele\u00e7\u00e3o com a convoca\u00e7\u00e3o de seu <a class=\"read-more\" href=\"https:\/\/blogs.gazetaesportiva.com\/michellegiannella\/2019\/06\/07\/tite-erra-ao-convocar-willian\/\">leia mais<\/a><\/p>\n","protected":false},"author":14,"featured_media":4958,"comment_status":"open","ping_status":"open","sticky":false,"template":"","format":"standard","meta":{"jetpack_post_was_ever_published":false,"_jetpack_newsletter_access":"","_jetpack_dont_email_post_to_subs":false,"_jetpack_newsletter_tier_id":0,"_jetpack_memberships_contains_paywalled_content":false,"_jetpack_memberships_contains_paid_content":false,"footnotes":"","jetpack_publicize_message":"","jetpack_publicize_feature_enabled":true,"jetpack_social_post_already_shared":false,"jetpack_social_options":{"image_generator_settings":{"template":"highway","default_image_id":0,"font":"","enabled":false},"version":2}},"categories":[1],"tags":[],"class_list":["post-4957","post","type-post","status-publish","format-standard","has-post-thumbnail","hentry","category-sem-categoria"],"jetpack_publicize_connections":[],"jetpack_featured_media_url":"https:\/\/blogs.gazetaesportiva.com\/michellegiannella\/files\/2019\/06\/willian-mi.jpg","jetpack_sharing_enabled":true,"jetpack_shortlink":"https:\/\/wp.me\/p6rrMZ-1hX","_links":{"self":[{"href":"https:\/\/blogs.gazetaesportiva.com\/michellegiannella\/wp-json\/wp\/v2\/posts\/4957","targetHints":{"allow":["GET"]}}],"collection":[{"href":"https:\/\/blogs.gazetaesportiva.com\/michellegiannella\/wp-json\/wp\/v2\/posts"}],"about":[{"href":"https:\/\/blogs.gazetaesportiva.com\/michellegiannella\/wp-json\/wp\/v2\/types\/post"}],"author":[{"embeddable":true,"href":"https:\/\/blogs.gazetaesportiva.com\/michellegiannella\/wp-json\/wp\/v2\/users\/14"}],"replies":[{"embeddable":true,"href":"https:\/\/blogs.gazetaesportiva.com\/michellegiannella\/wp-json\/wp\/v2\/comments?post=4957"}],"version-history":[{"count":0,"href":"https:\/\/blogs.gazetaesportiva.com\/michellegiannella\/wp-json\/wp\/v2\/posts\/4957\/revisions"}],"wp:featuredmedia":[{"embeddable":true,"href":"https:\/\/blogs.gazetaesportiva.com\/michellegiannella\/wp-json\/wp\/v2\/media\/4958"}],"wp:attachment":[{"href":"https:\/\/blogs.gazetaesportiva.com\/michellegiannella\/wp-json\/wp\/v2\/media?parent=4957"}],"wp:term":[{"taxonomy":"category","embeddable":true,"href":"https:\/\/blogs.gazetaesportiva.com\/michellegiannella\/wp-json\/wp\/v2\/categories?post=4957"},{"taxonomy":"post_tag","embeddable":true,"href":"https:\/\/blogs.gazetaesportiva.com\/michellegiannella\/wp-json\/wp\/v2\/tags?post=4957"}],"curies":[{"name":"wp","href":"https:\/\/api.w.org\/{rel}","templated":true}]}}