{"id":4951,"date":"2019-05-30T23:14:56","date_gmt":"2019-05-31T02:14:56","guid":{"rendered":"https:\/\/blogs.gazetaesportiva.com\/michellegiannella\/?p=4951"},"modified":"2019-05-30T23:27:49","modified_gmt":"2019-05-31T02:27:49","slug":"falta-amor-a-camisa-no-sao-paulo","status":"publish","type":"post","link":"https:\/\/blogs.gazetaesportiva.com\/michellegiannella\/2019\/05\/30\/falta-amor-a-camisa-no-sao-paulo\/","title":{"rendered":"Falta amor \u00e0 camisa no S\u00e3o Paulo"},"content":{"rendered":"<figure id=\"attachment_4953\" aria-describedby=\"caption-attachment-4953\" style=\"width: 881px\" class=\"wp-caption aligncenter\"><a href=\"https:\/\/blogs.gazetaesportiva.com\/michellegiannella\/files\/2019\/05\/6815_crop_galeria.jpg\"><img loading=\"lazy\" decoding=\"async\" class=\" wp-image-4953\" src=\"https:\/\/blogs.gazetaesportiva.com\/michellegiannella\/files\/2019\/05\/6815_crop_galeria-1024x677.jpg\" alt=\"\" width=\"881\" height=\"582\" srcset=\"https:\/\/blogs.gazetaesportiva.com\/michellegiannella\/files\/2019\/05\/6815_crop_galeria-1024x677.jpg 1024w, https:\/\/blogs.gazetaesportiva.com\/michellegiannella\/files\/2019\/05\/6815_crop_galeria-300x198.jpg 300w, https:\/\/blogs.gazetaesportiva.com\/michellegiannella\/files\/2019\/05\/6815_crop_galeria-768x508.jpg 768w, https:\/\/blogs.gazetaesportiva.com\/michellegiannella\/files\/2019\/05\/6815_crop_galeria-120x80.jpg 120w, https:\/\/blogs.gazetaesportiva.com\/michellegiannella\/files\/2019\/05\/6815_crop_galeria.jpg 1200w\" sizes=\"auto, (max-width: 881px) 100vw, 881px\" \/><\/a><figcaption id=\"caption-attachment-4953\" class=\"wp-caption-text\">Foto: SPFC<\/figcaption><\/figure>\n<p>Eu sou da \u00e9poca de um S\u00e3o Paulo imbat\u00edvel. \u00c9poca de Zetti, de Ra\u00ed e Rog\u00e9rio Ceni. Sou da \u00e9poca em que os jogadores vibravam e davam tudo de si sob o comando de Muricy.<\/p>\n<p>Quem te viu, quem te v\u00ea.<\/p>\n<p>S\u00e3o Paulo que troca de treinador como troca de roupa.<\/p>\n<p>S\u00e3o Paulo que tem no comando uma diretoria que desmancha times e n\u00e3o cria elencos competitivos. Ali\u00e1s, quando eles parecem estar se formando \u00e9 quando acabam com tudo vendendo um a um.<\/p>\n<p>S\u00e3o Paulo que tem treinador no comando sem estar no comando&#8230;<\/p>\n<figure id=\"attachment_4955\" aria-describedby=\"caption-attachment-4955\" style=\"width: 454px\" class=\"wp-caption alignright\"><a href=\"https:\/\/blogs.gazetaesportiva.com\/michellegiannella\/files\/2019\/05\/RAI0.jpg\"><img loading=\"lazy\" decoding=\"async\" class=\" wp-image-4955\" src=\"https:\/\/blogs.gazetaesportiva.com\/michellegiannella\/files\/2019\/05\/RAI0-1024x610.jpg\" alt=\"\" width=\"454\" height=\"270\" srcset=\"https:\/\/blogs.gazetaesportiva.com\/michellegiannella\/files\/2019\/05\/RAI0.jpg 1024w, https:\/\/blogs.gazetaesportiva.com\/michellegiannella\/files\/2019\/05\/RAI0-300x179.jpg 300w, https:\/\/blogs.gazetaesportiva.com\/michellegiannella\/files\/2019\/05\/RAI0-768x458.jpg 768w\" sizes=\"auto, (max-width: 454px) 100vw, 454px\" \/><\/a><figcaption id=\"caption-attachment-4955\" class=\"wp-caption-text\">Foto: Acervo\/Gazeta Press<\/figcaption><\/figure>\n<p>S\u00e3o Paulo que tem medo de ousar e de arriscar. Falta identidade e liga\u00e7\u00e3o entre jogador e clube. Me parece que falta amor para estar ali e defender o manto soberano tricolor.<\/p>\n<p>Meu primo s\u00e3o paulino sofre. Meu cunhado fica de cabe\u00e7a baixa&#8230; e por mais que eu ache que isso tudo faz parte do futebol, me assusta pensar que est\u00e3o fazendo um time tricampe\u00e3o mundial se apequenar.<\/p>\n<p>Que elenco \u00e9 esse que se acovarda quando entra na Arena de Itaquera? Pior ainda, que n\u00e3o consegue jogar bem dentro da pr\u00f3pria casa?<\/p>\n<p>Alguma coisa precisa mudar. O S\u00e3o Paulo \u00e9 muito maior do que qualquer jogador, diretor ou treinador, mas todos esses est\u00e3o destruindo a linda e vitoriosa hist\u00f3ria tricolor.<\/p>\n","protected":false},"excerpt":{"rendered":"<p>Eu sou da \u00e9poca de um S\u00e3o Paulo imbat\u00edvel. \u00c9poca de Zetti, de Ra\u00ed e Rog\u00e9rio Ceni. Sou da \u00e9poca em que os jogadores vibravam <a class=\"read-more\" href=\"https:\/\/blogs.gazetaesportiva.com\/michellegiannella\/2019\/05\/30\/falta-amor-a-camisa-no-sao-paulo\/\">leia mais<\/a><\/p>\n","protected":false},"author":14,"featured_media":4953,"comment_status":"open","ping_status":"open","sticky":false,"template":"","format":"standard","meta":{"jetpack_post_was_ever_published":false,"_jetpack_newsletter_access":"","_jetpack_dont_email_post_to_subs":false,"_jetpack_newsletter_tier_id":0,"_jetpack_memberships_contains_paywalled_content":false,"_jetpack_memberships_contains_paid_content":false,"footnotes":"","jetpack_publicize_message":"","jetpack_publicize_feature_enabled":true,"jetpack_social_post_already_shared":true,"jetpack_social_options":{"image_generator_settings":{"template":"highway","default_image_id":0,"font":"","enabled":false},"version":2}},"categories":[1],"tags":[],"class_list":["post-4951","post","type-post","status-publish","format-standard","has-post-thumbnail","hentry","category-sem-categoria"],"jetpack_publicize_connections":[],"jetpack_featured_media_url":"https:\/\/blogs.gazetaesportiva.com\/michellegiannella\/files\/2019\/05\/6815_crop_galeria.jpg","jetpack_sharing_enabled":true,"jetpack_shortlink":"https:\/\/wp.me\/p6rrMZ-1hR","_links":{"self":[{"href":"https:\/\/blogs.gazetaesportiva.com\/michellegiannella\/wp-json\/wp\/v2\/posts\/4951","targetHints":{"allow":["GET"]}}],"collection":[{"href":"https:\/\/blogs.gazetaesportiva.com\/michellegiannella\/wp-json\/wp\/v2\/posts"}],"about":[{"href":"https:\/\/blogs.gazetaesportiva.com\/michellegiannella\/wp-json\/wp\/v2\/types\/post"}],"author":[{"embeddable":true,"href":"https:\/\/blogs.gazetaesportiva.com\/michellegiannella\/wp-json\/wp\/v2\/users\/14"}],"replies":[{"embeddable":true,"href":"https:\/\/blogs.gazetaesportiva.com\/michellegiannella\/wp-json\/wp\/v2\/comments?post=4951"}],"version-history":[{"count":0,"href":"https:\/\/blogs.gazetaesportiva.com\/michellegiannella\/wp-json\/wp\/v2\/posts\/4951\/revisions"}],"wp:featuredmedia":[{"embeddable":true,"href":"https:\/\/blogs.gazetaesportiva.com\/michellegiannella\/wp-json\/wp\/v2\/media\/4953"}],"wp:attachment":[{"href":"https:\/\/blogs.gazetaesportiva.com\/michellegiannella\/wp-json\/wp\/v2\/media?parent=4951"}],"wp:term":[{"taxonomy":"category","embeddable":true,"href":"https:\/\/blogs.gazetaesportiva.com\/michellegiannella\/wp-json\/wp\/v2\/categories?post=4951"},{"taxonomy":"post_tag","embeddable":true,"href":"https:\/\/blogs.gazetaesportiva.com\/michellegiannella\/wp-json\/wp\/v2\/tags?post=4951"}],"curies":[{"name":"wp","href":"https:\/\/api.w.org\/{rel}","templated":true}]}}