{"id":4945,"date":"2019-05-18T00:29:58","date_gmt":"2019-05-18T03:29:58","guid":{"rendered":"https:\/\/blogs.gazetaesportiva.com\/michellegiannella\/?p=4945"},"modified":"2019-05-18T09:32:53","modified_gmt":"2019-05-18T12:32:53","slug":"refem-de-neymar","status":"publish","type":"post","link":"https:\/\/blogs.gazetaesportiva.com\/michellegiannella\/2019\/05\/18\/refem-de-neymar\/","title":{"rendered":"Ref\u00e9m de Neymar?"},"content":{"rendered":"<figure id=\"attachment_4949\" aria-describedby=\"caption-attachment-4949\" style=\"width: 640px\" class=\"wp-caption aligncenter\"><a href=\"https:\/\/blogs.gazetaesportiva.com\/michellegiannella\/files\/2019\/05\/neymar.jpg\"><img loading=\"lazy\" decoding=\"async\" class=\"size-large wp-image-4949\" src=\"https:\/\/blogs.gazetaesportiva.com\/michellegiannella\/files\/2019\/05\/neymar-1024x572.jpg\" alt=\"\" width=\"640\" height=\"358\" srcset=\"https:\/\/blogs.gazetaesportiva.com\/michellegiannella\/files\/2019\/05\/neymar-1024x572.jpg 1024w, https:\/\/blogs.gazetaesportiva.com\/michellegiannella\/files\/2019\/05\/neymar-300x167.jpg 300w, https:\/\/blogs.gazetaesportiva.com\/michellegiannella\/files\/2019\/05\/neymar-768x429.jpg 768w, https:\/\/blogs.gazetaesportiva.com\/michellegiannella\/files\/2019\/05\/neymar.jpg 1075w\" sizes=\"auto, (max-width: 640px) 100vw, 640px\" \/><\/a><figcaption id=\"caption-attachment-4949\" class=\"wp-caption-text\">Foto: Anne-Christine Poujoulat\/AFP<\/figcaption><\/figure>\n<p>Hoje fizemos uma enquete no programa Gazeta Esportiva para saber se o torcedor aprovava a convoca\u00e7\u00e3o do Neymar pelo Tite para a Copa Am\u00e9rica e, assustadoramente, deu que n\u00e3o por parte de 78% dos votantes.<\/p>\n<p>Entendo que por um lado Neymar \u00e9 o maior jogador brasileiro da atualidade, mas entendo tamb\u00e9m que as atitudes, o comportamento e o futebol apresentado por ele na sele\u00e7\u00e3o n\u00e3o agradam. Sendo assim, Tite perdeu a chance de tentar montar um time sem Neymar. Acabar com essa &#8220;neymar-depend\u00eancia&#8221; &#8230; Mas por qu\u00ea? Ser\u00e1 o atleta t\u00e3o indispens\u00e1vel assim?<\/p>\n<p>Pensando bem, Neymar \u00e9 o \u00fanico atleta que acabar\u00e1 sendo um escudo para o pr\u00f3prio Tite. O treinador poder\u00e1 se esconder atr\u00e1s das cr\u00edticas ao jogador, dividindo com ele a responsabilidade em caso de derrota ou as alegrias em caso de vit\u00f3ria.<\/p>\n<p>\u00c9 o grande jogo do mundo da bola&#8230;<\/p>\n<p>O que voc\u00ea acha? Tite \u00e9 ref\u00e9m de Neymar?<\/p>\n<figure id=\"attachment_4947\" aria-describedby=\"caption-attachment-4947\" style=\"width: 640px\" class=\"wp-caption aligncenter\"><a href=\"https:\/\/blogs.gazetaesportiva.com\/michellegiannella\/files\/2019\/05\/01242121.jpg\"><img loading=\"lazy\" decoding=\"async\" class=\"size-large wp-image-4947\" src=\"https:\/\/blogs.gazetaesportiva.com\/michellegiannella\/files\/2019\/05\/01242121-1024x681.jpg\" alt=\"\" width=\"640\" height=\"426\" srcset=\"https:\/\/blogs.gazetaesportiva.com\/michellegiannella\/files\/2019\/05\/01242121-1024x681.jpg 1024w, https:\/\/blogs.gazetaesportiva.com\/michellegiannella\/files\/2019\/05\/01242121-300x200.jpg 300w, https:\/\/blogs.gazetaesportiva.com\/michellegiannella\/files\/2019\/05\/01242121-768x511.jpg 768w, https:\/\/blogs.gazetaesportiva.com\/michellegiannella\/files\/2019\/05\/01242121-120x80.jpg 120w\" sizes=\"auto, (max-width: 640px) 100vw, 640px\" \/><\/a><figcaption id=\"caption-attachment-4947\" class=\"wp-caption-text\">Foto:: Djalma Vass\u00e3o\/Gazeta Press<\/figcaption><\/figure>\n","protected":false},"excerpt":{"rendered":"<p>Hoje fizemos uma enquete no programa Gazeta Esportiva para saber se o torcedor aprovava a convoca\u00e7\u00e3o do Neymar pelo Tite para a Copa Am\u00e9rica e, <a class=\"read-more\" href=\"https:\/\/blogs.gazetaesportiva.com\/michellegiannella\/2019\/05\/18\/refem-de-neymar\/\">leia mais<\/a><\/p>\n","protected":false},"author":14,"featured_media":4949,"comment_status":"open","ping_status":"open","sticky":false,"template":"","format":"standard","meta":{"jetpack_post_was_ever_published":false,"_jetpack_newsletter_access":"","_jetpack_dont_email_post_to_subs":false,"_jetpack_newsletter_tier_id":0,"_jetpack_memberships_contains_paywalled_content":false,"_jetpack_memberships_contains_paid_content":false,"footnotes":"","jetpack_publicize_message":"","jetpack_publicize_feature_enabled":true,"jetpack_social_post_already_shared":true,"jetpack_social_options":{"image_generator_settings":{"template":"highway","default_image_id":0,"font":"","enabled":false},"version":2}},"categories":[1],"tags":[],"class_list":["post-4945","post","type-post","status-publish","format-standard","has-post-thumbnail","hentry","category-sem-categoria"],"jetpack_publicize_connections":[],"jetpack_featured_media_url":"https:\/\/blogs.gazetaesportiva.com\/michellegiannella\/files\/2019\/05\/neymar.jpg","jetpack_sharing_enabled":true,"jetpack_shortlink":"https:\/\/wp.me\/p6rrMZ-1hL","_links":{"self":[{"href":"https:\/\/blogs.gazetaesportiva.com\/michellegiannella\/wp-json\/wp\/v2\/posts\/4945","targetHints":{"allow":["GET"]}}],"collection":[{"href":"https:\/\/blogs.gazetaesportiva.com\/michellegiannella\/wp-json\/wp\/v2\/posts"}],"about":[{"href":"https:\/\/blogs.gazetaesportiva.com\/michellegiannella\/wp-json\/wp\/v2\/types\/post"}],"author":[{"embeddable":true,"href":"https:\/\/blogs.gazetaesportiva.com\/michellegiannella\/wp-json\/wp\/v2\/users\/14"}],"replies":[{"embeddable":true,"href":"https:\/\/blogs.gazetaesportiva.com\/michellegiannella\/wp-json\/wp\/v2\/comments?post=4945"}],"version-history":[{"count":0,"href":"https:\/\/blogs.gazetaesportiva.com\/michellegiannella\/wp-json\/wp\/v2\/posts\/4945\/revisions"}],"wp:featuredmedia":[{"embeddable":true,"href":"https:\/\/blogs.gazetaesportiva.com\/michellegiannella\/wp-json\/wp\/v2\/media\/4949"}],"wp:attachment":[{"href":"https:\/\/blogs.gazetaesportiva.com\/michellegiannella\/wp-json\/wp\/v2\/media?parent=4945"}],"wp:term":[{"taxonomy":"category","embeddable":true,"href":"https:\/\/blogs.gazetaesportiva.com\/michellegiannella\/wp-json\/wp\/v2\/categories?post=4945"},{"taxonomy":"post_tag","embeddable":true,"href":"https:\/\/blogs.gazetaesportiva.com\/michellegiannella\/wp-json\/wp\/v2\/tags?post=4945"}],"curies":[{"name":"wp","href":"https:\/\/api.w.org\/{rel}","templated":true}]}}