{"id":4941,"date":"2019-04-22T16:41:43","date_gmt":"2019-04-22T19:41:43","guid":{"rendered":"https:\/\/blogs.gazetaesportiva.com\/michellegiannella\/?p=4941"},"modified":"2019-04-22T17:05:43","modified_gmt":"2019-04-22T20:05:43","slug":"derrota-frustrante-e-vitoria-incontestavel","status":"publish","type":"post","link":"https:\/\/blogs.gazetaesportiva.com\/michellegiannella\/2019\/04\/22\/derrota-frustrante-e-vitoria-incontestavel\/","title":{"rendered":"Derrota frustrante e vit\u00f3ria incontest\u00e1vel"},"content":{"rendered":"<figure id=\"attachment_4943\" aria-describedby=\"caption-attachment-4943\" style=\"width: 751px\" class=\"wp-caption aligncenter\"><a href=\"https:\/\/blogs.gazetaesportiva.com\/michellegiannella\/files\/2019\/04\/01231358.jpg\"><img loading=\"lazy\" decoding=\"async\" class=\" wp-image-4943\" src=\"https:\/\/blogs.gazetaesportiva.com\/michellegiannella\/files\/2019\/04\/01231358-1024x681.jpg\" alt=\"\" width=\"751\" height=\"499\" srcset=\"https:\/\/blogs.gazetaesportiva.com\/michellegiannella\/files\/2019\/04\/01231358-1024x681.jpg 1024w, https:\/\/blogs.gazetaesportiva.com\/michellegiannella\/files\/2019\/04\/01231358-300x200.jpg 300w, https:\/\/blogs.gazetaesportiva.com\/michellegiannella\/files\/2019\/04\/01231358-768x511.jpg 768w, https:\/\/blogs.gazetaesportiva.com\/michellegiannella\/files\/2019\/04\/01231358-120x80.jpg 120w\" sizes=\"auto, (max-width: 751px) 100vw, 751px\" \/><\/a><figcaption id=\"caption-attachment-4943\" class=\"wp-caption-text\">Foto: Fernando Dantas\/Gazeta Press<\/figcaption><\/figure>\n<p>Foi uma final frustrante para o S\u00e3o Paulo. Perder o t\u00edtulo aos 44 do segundo tempo \u00e9 de amargar para qualquer um. No segundo tempo, o S\u00e3o Paulo foi covarde, n\u00e3o atacou, n\u00e3o passou do meio campo. Apenas duas pessoas na delega\u00e7\u00e3o falaram al\u00e9m de Cuca ap\u00f3s o jogo: o diretor de futebol Ra\u00ed, visivelmente chateado, e Hernanes, abalado.\u00a0Mas a verdade \u00e9 que o time n\u00e3o criou chances. Evoluiu, sim, na reta final do Campeonato, mas nada surpreendente. Tudo bem que o Corinthians n\u00e3o apresentou um futebol vistoso, mas talvez tenha tido um pouco mais de vontade de ganhar. E teve a for\u00e7a da Fiel, o 12\u00ba jogador que faz o time crescer quando precisa.<\/p>\n<p>V\u00e1gner Love, parecia predestinado a viver esse momento.<\/p>\n<p>O Campeonato Paulista representou uma s\u00e9rie de n\u00fameros importantes pro Tim\u00e3o: \u00fanico time do Estado de S\u00e3o Paulo a ser campe\u00e3o 4 vezes, tabu mantido em Itaquera (em Majestosos s\u00e3o 8 vit\u00f3rias do Corinthians e 3 empates) fora que esse tricampeonato n\u00e3o acontecia h\u00e1 80 anos&#8230;<\/p>\n<p>Parab\u00e9ns, Corinthians, a vit\u00f3ria foi merecida. Incontest\u00e1vel.<\/p>\n","protected":false},"excerpt":{"rendered":"<p>Foi uma final frustrante para o S\u00e3o Paulo. Perder o t\u00edtulo aos 44 do segundo tempo \u00e9 de amargar para qualquer um. No segundo tempo, <a class=\"read-more\" href=\"https:\/\/blogs.gazetaesportiva.com\/michellegiannella\/2019\/04\/22\/derrota-frustrante-e-vitoria-incontestavel\/\">leia mais<\/a><\/p>\n","protected":false},"author":14,"featured_media":4943,"comment_status":"open","ping_status":"open","sticky":false,"template":"","format":"standard","meta":{"jetpack_post_was_ever_published":false,"_jetpack_newsletter_access":"","_jetpack_dont_email_post_to_subs":false,"_jetpack_newsletter_tier_id":0,"_jetpack_memberships_contains_paywalled_content":false,"_jetpack_memberships_contains_paid_content":false,"footnotes":"","jetpack_publicize_message":"","jetpack_publicize_feature_enabled":true,"jetpack_social_post_already_shared":true,"jetpack_social_options":{"image_generator_settings":{"template":"highway","default_image_id":0,"font":"","enabled":false},"version":2}},"categories":[1],"tags":[],"class_list":["post-4941","post","type-post","status-publish","format-standard","has-post-thumbnail","hentry","category-sem-categoria"],"jetpack_publicize_connections":[],"jetpack_featured_media_url":"https:\/\/blogs.gazetaesportiva.com\/michellegiannella\/files\/2019\/04\/01231358.jpg","jetpack_sharing_enabled":true,"jetpack_shortlink":"https:\/\/wp.me\/p6rrMZ-1hH","_links":{"self":[{"href":"https:\/\/blogs.gazetaesportiva.com\/michellegiannella\/wp-json\/wp\/v2\/posts\/4941","targetHints":{"allow":["GET"]}}],"collection":[{"href":"https:\/\/blogs.gazetaesportiva.com\/michellegiannella\/wp-json\/wp\/v2\/posts"}],"about":[{"href":"https:\/\/blogs.gazetaesportiva.com\/michellegiannella\/wp-json\/wp\/v2\/types\/post"}],"author":[{"embeddable":true,"href":"https:\/\/blogs.gazetaesportiva.com\/michellegiannella\/wp-json\/wp\/v2\/users\/14"}],"replies":[{"embeddable":true,"href":"https:\/\/blogs.gazetaesportiva.com\/michellegiannella\/wp-json\/wp\/v2\/comments?post=4941"}],"version-history":[{"count":0,"href":"https:\/\/blogs.gazetaesportiva.com\/michellegiannella\/wp-json\/wp\/v2\/posts\/4941\/revisions"}],"wp:featuredmedia":[{"embeddable":true,"href":"https:\/\/blogs.gazetaesportiva.com\/michellegiannella\/wp-json\/wp\/v2\/media\/4943"}],"wp:attachment":[{"href":"https:\/\/blogs.gazetaesportiva.com\/michellegiannella\/wp-json\/wp\/v2\/media?parent=4941"}],"wp:term":[{"taxonomy":"category","embeddable":true,"href":"https:\/\/blogs.gazetaesportiva.com\/michellegiannella\/wp-json\/wp\/v2\/categories?post=4941"},{"taxonomy":"post_tag","embeddable":true,"href":"https:\/\/blogs.gazetaesportiva.com\/michellegiannella\/wp-json\/wp\/v2\/tags?post=4941"}],"curies":[{"name":"wp","href":"https:\/\/api.w.org\/{rel}","templated":true}]}}