{"id":4936,"date":"2019-04-07T21:51:58","date_gmt":"2019-04-08T00:51:58","guid":{"rendered":"https:\/\/blogs.gazetaesportiva.com\/michellegiannella\/?p=4936"},"modified":"2019-04-07T22:16:12","modified_gmt":"2019-04-08T01:16:12","slug":"o-sao-paulo-ganhou-confianca","status":"publish","type":"post","link":"https:\/\/blogs.gazetaesportiva.com\/michellegiannella\/2019\/04\/07\/o-sao-paulo-ganhou-confianca\/","title":{"rendered":"O S\u00e3o Paulo ganhou confian\u00e7a!"},"content":{"rendered":"<figure id=\"attachment_4939\" aria-describedby=\"caption-attachment-4939\" style=\"width: 640px\" class=\"wp-caption aligncenter\"><a href=\"https:\/\/blogs.gazetaesportiva.com\/michellegiannella\/files\/2019\/04\/01224517.jpg\"><img loading=\"lazy\" decoding=\"async\" class=\"size-large wp-image-4939\" src=\"https:\/\/blogs.gazetaesportiva.com\/michellegiannella\/files\/2019\/04\/01224517-1024x681.jpg\" alt=\"\" width=\"640\" height=\"426\" srcset=\"https:\/\/blogs.gazetaesportiva.com\/michellegiannella\/files\/2019\/04\/01224517-1024x681.jpg 1024w, https:\/\/blogs.gazetaesportiva.com\/michellegiannella\/files\/2019\/04\/01224517-300x200.jpg 300w, https:\/\/blogs.gazetaesportiva.com\/michellegiannella\/files\/2019\/04\/01224517-768x511.jpg 768w, https:\/\/blogs.gazetaesportiva.com\/michellegiannella\/files\/2019\/04\/01224517-120x80.jpg 120w\" sizes=\"auto, (max-width: 640px) 100vw, 640px\" \/><\/a><figcaption id=\"caption-attachment-4939\" class=\"wp-caption-text\">Foto: Fernando Dantas\/Gazeta Press<\/figcaption><\/figure>\n<p>A presen\u00e7a de Cuca, definitivamente, deu novo \u00e2nimo ao time. Para os c\u00e9ticos que n\u00e3o acreditavam na equipe do Morumbi, a\u00ed est\u00e1 a prova de que no futebol o imponder\u00e1vel e a for\u00e7a de vontade tamb\u00e9m reinam.<\/p>\n<p>O Palmeiras come\u00e7ou pressionando, parecia que daria um ol\u00e9 no S\u00e3o Paulo, mas o time deixou de ter o mesmo rendimento depois dos primeiros 30 minutos. O S\u00e3o Paulo segurou as pontas e quando o ritmo do Palmeiras baixou, o S\u00e3o Paulo conseguiu se manter e levar a partida para os p\u00eanaltis.<\/p>\n<p>Podem falar o que for, mas hoje o S\u00e3o Paulo jogou de igual para igual contra o Palmeiras, as jogadas flu\u00edram, Igor Gomes foi muito bem (lembrando que essa j\u00f3ia era o quinto reserva da base Tricolor) e a garotada conseguiu uma grande classifica\u00e7\u00e3o!<\/p>\n<p>Dudu e Bruno Henrique n\u00e3o estiveram bem. Quanto ao VAR&#8230; acho muito chato anular um gol, \u00e9 um banho de \u00e1gua fria, mas \u00e9 importante para acabarmos com corrup\u00e7\u00e3o no futebol.<\/p>\n<p>Muito chato o choror\u00f4 do Palmeiras. Quando se tem um elenco 10 vezes melhor do que o advers\u00e1rio, n\u00e3o se pode entrar em campo pensando em ir para os p\u00eanaltis (Felip\u00e3o tirou o goleiro titular Weverton para colocar Prass), ainda mais jogando em casa. Tamb\u00e9m acho um absurdo Dudu e Felipe Melo n\u00e3o terem cobrado os p\u00eanaltis.<\/p>\n<p>Na semana passada no meu \u00faltimo post eu j\u00e1 dizia que seria muito complicado para o Palmeiras passar por essa garotada. O S\u00e3o Paulo ganhou confian\u00e7a com uma mo\u00e7ada cheia de vontade. Agora vamos ver como ser\u00e1 esse duelo contra o Corinthians. O jogo promete!<\/p>\n","protected":false},"excerpt":{"rendered":"<p>A presen\u00e7a de Cuca, definitivamente, deu novo \u00e2nimo ao time. Para os c\u00e9ticos que n\u00e3o acreditavam na equipe do Morumbi, a\u00ed est\u00e1 a prova de <a class=\"read-more\" href=\"https:\/\/blogs.gazetaesportiva.com\/michellegiannella\/2019\/04\/07\/o-sao-paulo-ganhou-confianca\/\">leia mais<\/a><\/p>\n","protected":false},"author":14,"featured_media":4939,"comment_status":"open","ping_status":"open","sticky":false,"template":"","format":"standard","meta":{"jetpack_post_was_ever_published":false,"_jetpack_newsletter_access":"","_jetpack_dont_email_post_to_subs":false,"_jetpack_newsletter_tier_id":0,"_jetpack_memberships_contains_paywalled_content":false,"_jetpack_memberships_contains_paid_content":false,"footnotes":"","jetpack_publicize_message":"","jetpack_publicize_feature_enabled":true,"jetpack_social_post_already_shared":true,"jetpack_social_options":{"image_generator_settings":{"template":"highway","default_image_id":0,"font":"","enabled":false},"version":2}},"categories":[1],"tags":[],"class_list":["post-4936","post","type-post","status-publish","format-standard","has-post-thumbnail","hentry","category-sem-categoria"],"jetpack_publicize_connections":[],"jetpack_featured_media_url":"https:\/\/blogs.gazetaesportiva.com\/michellegiannella\/files\/2019\/04\/01224517.jpg","jetpack_sharing_enabled":true,"jetpack_shortlink":"https:\/\/wp.me\/p6rrMZ-1hC","_links":{"self":[{"href":"https:\/\/blogs.gazetaesportiva.com\/michellegiannella\/wp-json\/wp\/v2\/posts\/4936","targetHints":{"allow":["GET"]}}],"collection":[{"href":"https:\/\/blogs.gazetaesportiva.com\/michellegiannella\/wp-json\/wp\/v2\/posts"}],"about":[{"href":"https:\/\/blogs.gazetaesportiva.com\/michellegiannella\/wp-json\/wp\/v2\/types\/post"}],"author":[{"embeddable":true,"href":"https:\/\/blogs.gazetaesportiva.com\/michellegiannella\/wp-json\/wp\/v2\/users\/14"}],"replies":[{"embeddable":true,"href":"https:\/\/blogs.gazetaesportiva.com\/michellegiannella\/wp-json\/wp\/v2\/comments?post=4936"}],"version-history":[{"count":0,"href":"https:\/\/blogs.gazetaesportiva.com\/michellegiannella\/wp-json\/wp\/v2\/posts\/4936\/revisions"}],"wp:featuredmedia":[{"embeddable":true,"href":"https:\/\/blogs.gazetaesportiva.com\/michellegiannella\/wp-json\/wp\/v2\/media\/4939"}],"wp:attachment":[{"href":"https:\/\/blogs.gazetaesportiva.com\/michellegiannella\/wp-json\/wp\/v2\/media?parent=4936"}],"wp:term":[{"taxonomy":"category","embeddable":true,"href":"https:\/\/blogs.gazetaesportiva.com\/michellegiannella\/wp-json\/wp\/v2\/categories?post=4936"},{"taxonomy":"post_tag","embeddable":true,"href":"https:\/\/blogs.gazetaesportiva.com\/michellegiannella\/wp-json\/wp\/v2\/tags?post=4936"}],"curies":[{"name":"wp","href":"https:\/\/api.w.org\/{rel}","templated":true}]}}