{"id":4932,"date":"2019-04-03T00:25:21","date_gmt":"2019-04-03T03:25:21","guid":{"rendered":"https:\/\/blogs.gazetaesportiva.com\/michellegiannella\/?p=4932"},"modified":"2019-04-03T00:30:27","modified_gmt":"2019-04-03T03:30:27","slug":"o-palmeiras-e-imprevisivel","status":"publish","type":"post","link":"https:\/\/blogs.gazetaesportiva.com\/michellegiannella\/2019\/04\/03\/o-palmeiras-e-imprevisivel\/","title":{"rendered":"O Palmeiras \u00e9 imprevis\u00edvel"},"content":{"rendered":"<figure id=\"attachment_4933\" aria-describedby=\"caption-attachment-4933\" style=\"width: 640px\" class=\"wp-caption aligncenter\"><a href=\"https:\/\/blogs.gazetaesportiva.com\/michellegiannella\/files\/2019\/04\/000_1FB955.jpg\"><img loading=\"lazy\" decoding=\"async\" class=\"size-large wp-image-4933\" src=\"https:\/\/blogs.gazetaesportiva.com\/michellegiannella\/files\/2019\/04\/000_1FB955-1024x744.jpg\" alt=\"\" width=\"640\" height=\"465\" srcset=\"https:\/\/blogs.gazetaesportiva.com\/michellegiannella\/files\/2019\/04\/000_1FB955-1024x744.jpg 1024w, https:\/\/blogs.gazetaesportiva.com\/michellegiannella\/files\/2019\/04\/000_1FB955-300x218.jpg 300w, https:\/\/blogs.gazetaesportiva.com\/michellegiannella\/files\/2019\/04\/000_1FB955-768x558.jpg 768w, https:\/\/blogs.gazetaesportiva.com\/michellegiannella\/files\/2019\/04\/000_1FB955.jpg 2022w\" sizes=\"auto, (max-width: 640px) 100vw, 640px\" \/><\/a><figcaption id=\"caption-attachment-4933\" class=\"wp-caption-text\">Foto: ALEJANDRO PAGNI\/AFP<\/figcaption><\/figure>\n<p>Pode chamar de Paulistinha, reclamar da arbitragem, fazer biquinho e falar o que quiser do VAR, mas a cabe\u00e7a do Palmeiras est\u00e1 no jogo do pr\u00f3ximo domingo contra o S\u00e3o Paulo. E isso ficou claro hoje na partida da Libertadores. Esqueceram de virar a chavinha.<\/p>\n<p>Hoje, contra o time argentino San Lorenzo, uma vit\u00f3ria era o m\u00ednimo esperado, mas o Palmeiras entrou em campo de salto alto e deu no que deu. Derrota por 1 a zero e um Felip\u00e3o abalado com a atua\u00e7\u00e3o da equipe traduziu exatamente o que eu achei do jogo:<\/p>\n<p>&#8220;Faltou definir, chutar a bola no gol. Ningu\u00e9m arriscava. N\u00e3o adianta nada, temos que ter vontade de fazer o gol. N\u00e3o tivemos hoje. N\u00e3o fizemos um jogo normal, que \u00e9 o jogo do Palmeiras, e pagamos caro. Faltou profundidade, trabalhar a bola bem do meio para a frente. Tivemos uma ou outra chance, mas n\u00e3o foi o Palmeiras que eu gosto n\u00e3o\u201d, completou o comandante.<\/p>\n<p>Sinceramente, s\u00e1bado n\u00e3o vai ser f\u00e1cil contra o S\u00e3o Paulo. O Palmeiras \u00e9 muito imprevis\u00edvel.<\/p>\n","protected":false},"excerpt":{"rendered":"<p>Pode chamar de Paulistinha, reclamar da arbitragem, fazer biquinho e falar o que quiser do VAR, mas a cabe\u00e7a do Palmeiras est\u00e1 no jogo do <a class=\"read-more\" href=\"https:\/\/blogs.gazetaesportiva.com\/michellegiannella\/2019\/04\/03\/o-palmeiras-e-imprevisivel\/\">leia mais<\/a><\/p>\n","protected":false},"author":14,"featured_media":4933,"comment_status":"open","ping_status":"open","sticky":false,"template":"","format":"standard","meta":{"jetpack_post_was_ever_published":false,"_jetpack_newsletter_access":"","_jetpack_dont_email_post_to_subs":false,"_jetpack_newsletter_tier_id":0,"_jetpack_memberships_contains_paywalled_content":false,"_jetpack_memberships_contains_paid_content":false,"footnotes":"","jetpack_publicize_message":"","jetpack_publicize_feature_enabled":true,"jetpack_social_post_already_shared":true,"jetpack_social_options":{"image_generator_settings":{"template":"highway","default_image_id":0,"font":"","enabled":false},"version":2}},"categories":[1],"tags":[],"class_list":["post-4932","post","type-post","status-publish","format-standard","has-post-thumbnail","hentry","category-sem-categoria"],"jetpack_publicize_connections":[],"jetpack_featured_media_url":"https:\/\/blogs.gazetaesportiva.com\/michellegiannella\/files\/2019\/04\/000_1FB955.jpg","jetpack_sharing_enabled":true,"jetpack_shortlink":"https:\/\/wp.me\/p6rrMZ-1hy","_links":{"self":[{"href":"https:\/\/blogs.gazetaesportiva.com\/michellegiannella\/wp-json\/wp\/v2\/posts\/4932","targetHints":{"allow":["GET"]}}],"collection":[{"href":"https:\/\/blogs.gazetaesportiva.com\/michellegiannella\/wp-json\/wp\/v2\/posts"}],"about":[{"href":"https:\/\/blogs.gazetaesportiva.com\/michellegiannella\/wp-json\/wp\/v2\/types\/post"}],"author":[{"embeddable":true,"href":"https:\/\/blogs.gazetaesportiva.com\/michellegiannella\/wp-json\/wp\/v2\/users\/14"}],"replies":[{"embeddable":true,"href":"https:\/\/blogs.gazetaesportiva.com\/michellegiannella\/wp-json\/wp\/v2\/comments?post=4932"}],"version-history":[{"count":0,"href":"https:\/\/blogs.gazetaesportiva.com\/michellegiannella\/wp-json\/wp\/v2\/posts\/4932\/revisions"}],"wp:featuredmedia":[{"embeddable":true,"href":"https:\/\/blogs.gazetaesportiva.com\/michellegiannella\/wp-json\/wp\/v2\/media\/4933"}],"wp:attachment":[{"href":"https:\/\/blogs.gazetaesportiva.com\/michellegiannella\/wp-json\/wp\/v2\/media?parent=4932"}],"wp:term":[{"taxonomy":"category","embeddable":true,"href":"https:\/\/blogs.gazetaesportiva.com\/michellegiannella\/wp-json\/wp\/v2\/categories?post=4932"},{"taxonomy":"post_tag","embeddable":true,"href":"https:\/\/blogs.gazetaesportiva.com\/michellegiannella\/wp-json\/wp\/v2\/tags?post=4932"}],"curies":[{"name":"wp","href":"https:\/\/api.w.org\/{rel}","templated":true}]}}