{"id":4928,"date":"2019-03-27T00:19:41","date_gmt":"2019-03-27T03:19:41","guid":{"rendered":"https:\/\/blogs.gazetaesportiva.com\/michellegiannella\/?p=4928"},"modified":"2019-03-27T00:26:07","modified_gmt":"2019-03-27T03:26:07","slug":"vitoria-verde-pra-dar-moral","status":"publish","type":"post","link":"https:\/\/blogs.gazetaesportiva.com\/michellegiannella\/2019\/03\/27\/vitoria-verde-pra-dar-moral\/","title":{"rendered":"Vit\u00f3ria verde pra dar moral"},"content":{"rendered":"<figure id=\"attachment_4930\" aria-describedby=\"caption-attachment-4930\" style=\"width: 750px\" class=\"wp-caption aligncenter\"><a href=\"https:\/\/blogs.gazetaesportiva.com\/michellegiannella\/files\/2019\/03\/felipao681a.jpg\"><img loading=\"lazy\" decoding=\"async\" class=\" wp-image-4930\" src=\"https:\/\/blogs.gazetaesportiva.com\/michellegiannella\/files\/2019\/03\/felipao681a-1024x682.jpg\" alt=\"\" width=\"750\" height=\"499\" srcset=\"https:\/\/blogs.gazetaesportiva.com\/michellegiannella\/files\/2019\/03\/felipao681a.jpg 1024w, https:\/\/blogs.gazetaesportiva.com\/michellegiannella\/files\/2019\/03\/felipao681a-300x200.jpg 300w, https:\/\/blogs.gazetaesportiva.com\/michellegiannella\/files\/2019\/03\/felipao681a-768x512.jpg 768w, https:\/\/blogs.gazetaesportiva.com\/michellegiannella\/files\/2019\/03\/felipao681a-120x80.jpg 120w\" sizes=\"auto, (max-width: 750px) 100vw, 750px\" \/><\/a><figcaption id=\"caption-attachment-4930\" class=\"wp-caption-text\">Foto: Djalma Vass\u00e3o\/Gazeta Press<\/figcaption><\/figure>\n<p>O Palmeiras chegar\u00e1 \u00e0s semifinais do Paulist\u00e3o com moral elevado. Desde o jogo contra o Melgar, pela Libertadores, o time n\u00e3o tinha um desempenho t\u00e3o consistente em campo.<\/p>\n<p>Pra quem reclama do retranqueiro Felip\u00e3o, uma vit\u00f3ria por 5 a 0 fora o show faz o time chegar forte contra qualquer advers\u00e1rio. Tudo bem que estamos falando do modesto Novorizontino, mas seria imposs\u00edvel o time de Dona Leila n\u00e3o meter uma goleada na equipe do interior.<\/p>\n<p>Foi uma luta de David contra Golias. S\u00f3 que neste caso, contrariando a hist\u00f3ria, o Palmeiras era o Golias, o gigante, que venceu o menor.<\/p>\n<p>Sobre o jogo, vale dizer que o Palmeiras esteve muito bem no ataque, diversificou, ousou, Gustavo Scarpa brilhou e Borja foi preterido por Felip\u00e3o que preferiu colocar Arthur Cabral no lugar de Deyverson no final. Parece que o colombiano perdeu espa\u00e7o.<\/p>\n<p>A final do Paulist\u00e3o promete. Algum palpite, caro leitor?<\/p>\n<p>&nbsp;<\/p>\n","protected":false},"excerpt":{"rendered":"<p>O Palmeiras chegar\u00e1 \u00e0s semifinais do Paulist\u00e3o com moral elevado. Desde o jogo contra o Melgar, pela Libertadores, o time n\u00e3o tinha um desempenho t\u00e3o <a class=\"read-more\" href=\"https:\/\/blogs.gazetaesportiva.com\/michellegiannella\/2019\/03\/27\/vitoria-verde-pra-dar-moral\/\">leia mais<\/a><\/p>\n","protected":false},"author":14,"featured_media":4930,"comment_status":"open","ping_status":"open","sticky":false,"template":"","format":"standard","meta":{"jetpack_post_was_ever_published":false,"_jetpack_newsletter_access":"","_jetpack_dont_email_post_to_subs":false,"_jetpack_newsletter_tier_id":0,"_jetpack_memberships_contains_paywalled_content":false,"_jetpack_memberships_contains_paid_content":false,"footnotes":"","jetpack_publicize_message":"","jetpack_publicize_feature_enabled":true,"jetpack_social_post_already_shared":true,"jetpack_social_options":{"image_generator_settings":{"template":"highway","default_image_id":0,"font":"","enabled":false},"version":2}},"categories":[1],"tags":[],"class_list":["post-4928","post","type-post","status-publish","format-standard","has-post-thumbnail","hentry","category-sem-categoria"],"jetpack_publicize_connections":[],"jetpack_featured_media_url":"https:\/\/blogs.gazetaesportiva.com\/michellegiannella\/files\/2019\/03\/felipao681a.jpg","jetpack_sharing_enabled":true,"jetpack_shortlink":"https:\/\/wp.me\/p6rrMZ-1hu","_links":{"self":[{"href":"https:\/\/blogs.gazetaesportiva.com\/michellegiannella\/wp-json\/wp\/v2\/posts\/4928","targetHints":{"allow":["GET"]}}],"collection":[{"href":"https:\/\/blogs.gazetaesportiva.com\/michellegiannella\/wp-json\/wp\/v2\/posts"}],"about":[{"href":"https:\/\/blogs.gazetaesportiva.com\/michellegiannella\/wp-json\/wp\/v2\/types\/post"}],"author":[{"embeddable":true,"href":"https:\/\/blogs.gazetaesportiva.com\/michellegiannella\/wp-json\/wp\/v2\/users\/14"}],"replies":[{"embeddable":true,"href":"https:\/\/blogs.gazetaesportiva.com\/michellegiannella\/wp-json\/wp\/v2\/comments?post=4928"}],"version-history":[{"count":0,"href":"https:\/\/blogs.gazetaesportiva.com\/michellegiannella\/wp-json\/wp\/v2\/posts\/4928\/revisions"}],"wp:featuredmedia":[{"embeddable":true,"href":"https:\/\/blogs.gazetaesportiva.com\/michellegiannella\/wp-json\/wp\/v2\/media\/4930"}],"wp:attachment":[{"href":"https:\/\/blogs.gazetaesportiva.com\/michellegiannella\/wp-json\/wp\/v2\/media?parent=4928"}],"wp:term":[{"taxonomy":"category","embeddable":true,"href":"https:\/\/blogs.gazetaesportiva.com\/michellegiannella\/wp-json\/wp\/v2\/categories?post=4928"},{"taxonomy":"post_tag","embeddable":true,"href":"https:\/\/blogs.gazetaesportiva.com\/michellegiannella\/wp-json\/wp\/v2\/tags?post=4928"}],"curies":[{"name":"wp","href":"https:\/\/api.w.org\/{rel}","templated":true}]}}