{"id":4922,"date":"2019-03-06T21:12:20","date_gmt":"2019-03-07T00:12:20","guid":{"rendered":"https:\/\/blogs.gazetaesportiva.com\/michellegiannella\/?p=4922"},"modified":"2019-03-10T22:16:53","modified_gmt":"2019-03-11T01:16:53","slug":"deixa-que-digam-que-pensem-e-que-falem","status":"publish","type":"post","link":"https:\/\/blogs.gazetaesportiva.com\/michellegiannella\/2019\/03\/06\/deixa-que-digam-que-pensem-e-que-falem\/","title":{"rendered":"Deixa que digam, que pensem e que falem!"},"content":{"rendered":"<figure id=\"attachment_4925\" aria-describedby=\"caption-attachment-4925\" style=\"width: 640px\" class=\"wp-caption aligncenter\"><a href=\"https:\/\/blogs.gazetaesportiva.com\/michellegiannella\/files\/2019\/03\/000_1E81SS.jpg\"><img loading=\"lazy\" decoding=\"async\" class=\"size-large wp-image-4925\" src=\"https:\/\/blogs.gazetaesportiva.com\/michellegiannella\/files\/2019\/03\/000_1E81SS-1024x683.jpg\" alt=\"\" width=\"640\" height=\"427\" srcset=\"https:\/\/blogs.gazetaesportiva.com\/michellegiannella\/files\/2019\/03\/000_1E81SS-1024x683.jpg 1024w, https:\/\/blogs.gazetaesportiva.com\/michellegiannella\/files\/2019\/03\/000_1E81SS-300x200.jpg 300w, https:\/\/blogs.gazetaesportiva.com\/michellegiannella\/files\/2019\/03\/000_1E81SS-768x512.jpg 768w, https:\/\/blogs.gazetaesportiva.com\/michellegiannella\/files\/2019\/03\/000_1E81SS-120x80.jpg 120w\" sizes=\"auto, (max-width: 640px) 100vw, 640px\" \/><\/a><figcaption id=\"caption-attachment-4925\" class=\"wp-caption-text\">Foto: Mauro Pimentel\/AFP<\/figcaption><\/figure>\n<p>Manja aquela m\u00fasica do Jair Rodrigues?<\/p>\n<p>&#8220;Deixa que digam, que pensem, que falem, deixa isso pra l\u00e1, vem pra c\u00e1 o que \u00e9 que tem? Eu n\u00e3o t\u00f4 fazendo nada, voc\u00ea tamb\u00e9m&#8230; &#8221;<\/p>\n<p>Pois \u00e9&#8230; Combina com o Neymar.<\/p>\n<p>Ele faz e depois diz que pegam no p\u00e9. Deixa que digam.<\/p>\n<p>Ele est\u00e1 em recupera\u00e7\u00e3o e vai pular o Carnaval. Deixa que digam.<\/p>\n<p>Ele causa mais alvoro\u00e7o do que todas as escolas de samba juntas, d\u00e1 rol\u00e9 com a Anitta. Deixa que falem.<\/p>\n<p>Dois dias depois corre pro camarote do PSG e reclama ao ver o time ser derrotado. Deixa que pensem&#8230;<\/p>\n<p>Neymar, ao contr\u00e1rio de Messi e Cristiano Ronaldo, \u00e9 mais celebridade do que jogador. E acho que ele gosta disso. N\u00e3o parece ter o comprometimento necess\u00e1rio para um dia ser o melhor do mundo. N\u00e3o \u00e9 mais menino, mas tem a alegria de um jovem que tem o mundo aos seus p\u00e9s.<\/p>\n<p>Vai Neymar&#8230; n\u00e3o ligue para os cr\u00edticos. N\u00e3o d\u00e1 para ter tudo, ent\u00e3o curta mesmo a sua vida do jeito que voc\u00ea acha, aproveite e aumente o som. Esse cl\u00e1ssico cai bem pra voc\u00ea. Melhor do que os funks da Anitta. Olha a letra a\u00ed:<\/p>\n<p>Deixa Isso Pra L\u00e1<br \/>\nJair Rodrigues<\/p>\n<p>Deixa que digam<br \/>\nQue pensem<br \/>\nQue falem<\/p>\n<p>Deixa isso pra l\u00e1<br \/>\nVem pra c\u00e1<br \/>\nO que que tem?<br \/>\nEu n\u00e3o estou fazendo nada<br \/>\nVoc\u00ea tamb\u00e9m<br \/>\nFaz mal bater um papo<br \/>\nAssim gostoso com algu\u00e9m?<\/p>\n<p>Deixa que digam<br \/>\nQue pensem<br \/>\nQue falem<\/p>\n<p>Deixa isso pra l\u00e1<br \/>\nVem pra c\u00e1<br \/>\nO que que tem?<br \/>\nEu n\u00e3o estou fazendo nada<br \/>\nVoc\u00ea tamb\u00e9m<br \/>\nFaz mal bater um papo<br \/>\nAssim gostoso com algu\u00e9m?<\/p>\n<p>Vai, vai por mim<br \/>\nBalan\u00e7o de amor \u00e9 assim<br \/>\nM\u00e3ozinha com m\u00e3ozinha pra l\u00e1<br \/>\nBeijinhos e beijinhos pra c\u00e1<\/p>\n<p>Deixa que digam<br \/>\nQue pensem<br \/>\nQue falem<\/p>\n<p>Deixa isso pra l\u00e1<br \/>\nVem pra c\u00e1<br \/>\nO que que tem?<br \/>\nEu n\u00e3o estou fazendo nada<br \/>\nVoc\u00ea tamb\u00e9m<br \/>\nFaz mal bater um papo<br \/>\nAssim gostoso com algu\u00e9m?<\/p>\n<p>Deixa que digam<br \/>\nQue pensem<br \/>\nQue falem<\/p>\n<p>Deixa isso pra l\u00e1<br \/>\nVem pra c\u00e1<br \/>\nO que que tem?<br \/>\nEu n\u00e3o estou fazendo nada<br \/>\nVoc\u00ea tamb\u00e9m<br \/>\nFaz mal bater um papo<br \/>\nAssim gostoso com algu\u00e9m?<\/p>\n<p>Vem balan\u00e7ar<br \/>\nAmor \u00e9 balanceio, meu bem<br \/>\nS\u00f3 vai no meu balan\u00e7o quem tem<br \/>\nCarinho pra dar<\/p>\n","protected":false},"excerpt":{"rendered":"<p>Manja aquela m\u00fasica do Jair Rodrigues? &#8220;Deixa que digam, que pensem, que falem, deixa isso pra l\u00e1, vem pra c\u00e1 o que \u00e9 que tem? <a class=\"read-more\" href=\"https:\/\/blogs.gazetaesportiva.com\/michellegiannella\/2019\/03\/06\/deixa-que-digam-que-pensem-e-que-falem\/\">leia mais<\/a><\/p>\n","protected":false},"author":14,"featured_media":4925,"comment_status":"open","ping_status":"open","sticky":false,"template":"","format":"standard","meta":{"jetpack_post_was_ever_published":false,"_jetpack_newsletter_access":"","_jetpack_dont_email_post_to_subs":false,"_jetpack_newsletter_tier_id":0,"_jetpack_memberships_contains_paywalled_content":false,"_jetpack_memberships_contains_paid_content":false,"footnotes":"","jetpack_publicize_message":"","jetpack_publicize_feature_enabled":true,"jetpack_social_post_already_shared":true,"jetpack_social_options":{"image_generator_settings":{"template":"highway","default_image_id":0,"font":"","enabled":false},"version":2}},"categories":[1],"tags":[],"class_list":["post-4922","post","type-post","status-publish","format-standard","has-post-thumbnail","hentry","category-sem-categoria"],"jetpack_publicize_connections":[],"jetpack_featured_media_url":"https:\/\/blogs.gazetaesportiva.com\/michellegiannella\/files\/2019\/03\/000_1E81SS.jpg","jetpack_sharing_enabled":true,"jetpack_shortlink":"https:\/\/wp.me\/p6rrMZ-1ho","_links":{"self":[{"href":"https:\/\/blogs.gazetaesportiva.com\/michellegiannella\/wp-json\/wp\/v2\/posts\/4922","targetHints":{"allow":["GET"]}}],"collection":[{"href":"https:\/\/blogs.gazetaesportiva.com\/michellegiannella\/wp-json\/wp\/v2\/posts"}],"about":[{"href":"https:\/\/blogs.gazetaesportiva.com\/michellegiannella\/wp-json\/wp\/v2\/types\/post"}],"author":[{"embeddable":true,"href":"https:\/\/blogs.gazetaesportiva.com\/michellegiannella\/wp-json\/wp\/v2\/users\/14"}],"replies":[{"embeddable":true,"href":"https:\/\/blogs.gazetaesportiva.com\/michellegiannella\/wp-json\/wp\/v2\/comments?post=4922"}],"version-history":[{"count":0,"href":"https:\/\/blogs.gazetaesportiva.com\/michellegiannella\/wp-json\/wp\/v2\/posts\/4922\/revisions"}],"wp:featuredmedia":[{"embeddable":true,"href":"https:\/\/blogs.gazetaesportiva.com\/michellegiannella\/wp-json\/wp\/v2\/media\/4925"}],"wp:attachment":[{"href":"https:\/\/blogs.gazetaesportiva.com\/michellegiannella\/wp-json\/wp\/v2\/media?parent=4922"}],"wp:term":[{"taxonomy":"category","embeddable":true,"href":"https:\/\/blogs.gazetaesportiva.com\/michellegiannella\/wp-json\/wp\/v2\/categories?post=4922"},{"taxonomy":"post_tag","embeddable":true,"href":"https:\/\/blogs.gazetaesportiva.com\/michellegiannella\/wp-json\/wp\/v2\/tags?post=4922"}],"curies":[{"name":"wp","href":"https:\/\/api.w.org\/{rel}","templated":true}]}}