{"id":4912,"date":"2019-02-17T21:51:01","date_gmt":"2019-02-18T00:51:01","guid":{"rendered":"https:\/\/blogs.gazetaesportiva.com\/michellegiannella\/?p=4912"},"modified":"2019-02-17T22:08:02","modified_gmt":"2019-02-18T01:08:02","slug":"deu-a-logica-deu-corinthians","status":"publish","type":"post","link":"https:\/\/blogs.gazetaesportiva.com\/michellegiannella\/2019\/02\/17\/deu-a-logica-deu-corinthians\/","title":{"rendered":"Deu a l\u00f3gica! Deu Corinthians!"},"content":{"rendered":"<figure id=\"attachment_4915\" aria-describedby=\"caption-attachment-4915\" style=\"width: 640px\" class=\"wp-caption aligncenter\"><a href=\"https:\/\/blogs.gazetaesportiva.com\/michellegiannella\/files\/2019\/02\/majestoso22.jpg\"><img loading=\"lazy\" decoding=\"async\" class=\"size-large wp-image-4915\" src=\"https:\/\/blogs.gazetaesportiva.com\/michellegiannella\/files\/2019\/02\/majestoso22-1024x679.jpg\" alt=\"\" width=\"640\" height=\"424\" srcset=\"https:\/\/blogs.gazetaesportiva.com\/michellegiannella\/files\/2019\/02\/majestoso22-1024x679.jpg 1024w, https:\/\/blogs.gazetaesportiva.com\/michellegiannella\/files\/2019\/02\/majestoso22-300x199.jpg 300w, https:\/\/blogs.gazetaesportiva.com\/michellegiannella\/files\/2019\/02\/majestoso22-768x509.jpg 768w, https:\/\/blogs.gazetaesportiva.com\/michellegiannella\/files\/2019\/02\/majestoso22-120x80.jpg 120w\" sizes=\"auto, (max-width: 640px) 100vw, 640px\" \/><\/a><figcaption id=\"caption-attachment-4915\" class=\"wp-caption-text\">Foto:Sergio Barzaghi\/Gazeta Press<\/figcaption><\/figure>\n<p>A crise do S\u00e3o Paulo n\u00e3o \u00e9 de agora&#8230; ela come\u00e7ou l\u00e1 atr\u00e1s com Juvenal Juv\u00eancio. O time paga pela incompet\u00eancia de sucessivas gest\u00f5es que est\u00e3o sacrificando o bom futebol do time.<\/p>\n<p>Acontece que o problema do S\u00e3o Paulo parece ser ainda maior. Como um time que quer vencer faz apenas\u00a09 finaliza\u00e7\u00f5es, sendo apenas uma delas no gol? Isso n\u00e3o \u00e9 culpa do treinador e da diretoria, ou ser\u00e1 que os atletas n\u00e3o sabem qual o objetivo do jogo?<\/p>\n<p>Mancini acabou de dizer na entrevista coletiva p\u00f3s jogo que a equipe s\u00e3o paulina est\u00e1 com a autoestima baixa. E a\u00ed? Como resolver um problema desses?<\/p>\n<p>O Corinthians est\u00e1 num processo de evolu\u00e7\u00e3o, errou bastante, n\u00e3o finalizou muito, Carille ainda est\u00e1 tentando acertar a zaga da equipe, faz seus ajustes, mas a equipe tem confian\u00e7a e garra, exatamente o que falta ao rival tricolor. Acredito que o Corinthians vai crescer bastante no ano e que Cuca tem tudo para melhorar o S\u00e2o Paulo, o problema \u00e9 que ele ainda demora a assumir o comando da equipe. Mais uma atitude da diretoria que n\u00e3o consigo entender.<\/p>\n<p>&nbsp;<\/p>\n<p>&nbsp;<\/p>\n","protected":false},"excerpt":{"rendered":"<p>A crise do S\u00e3o Paulo n\u00e3o \u00e9 de agora&#8230; ela come\u00e7ou l\u00e1 atr\u00e1s com Juvenal Juv\u00eancio. O time paga pela incompet\u00eancia de sucessivas gest\u00f5es que <a class=\"read-more\" href=\"https:\/\/blogs.gazetaesportiva.com\/michellegiannella\/2019\/02\/17\/deu-a-logica-deu-corinthians\/\">leia mais<\/a><\/p>\n","protected":false},"author":14,"featured_media":4915,"comment_status":"open","ping_status":"open","sticky":false,"template":"","format":"standard","meta":{"jetpack_post_was_ever_published":false,"_jetpack_newsletter_access":"","_jetpack_dont_email_post_to_subs":false,"_jetpack_newsletter_tier_id":0,"_jetpack_memberships_contains_paywalled_content":false,"_jetpack_memberships_contains_paid_content":false,"footnotes":"","jetpack_publicize_message":"","jetpack_publicize_feature_enabled":true,"jetpack_social_post_already_shared":true,"jetpack_social_options":{"image_generator_settings":{"template":"highway","default_image_id":0,"font":"","enabled":false},"version":2}},"categories":[1],"tags":[],"class_list":["post-4912","post","type-post","status-publish","format-standard","has-post-thumbnail","hentry","category-sem-categoria"],"jetpack_publicize_connections":[],"jetpack_featured_media_url":"https:\/\/blogs.gazetaesportiva.com\/michellegiannella\/files\/2019\/02\/majestoso22.jpg","jetpack_sharing_enabled":true,"jetpack_shortlink":"https:\/\/wp.me\/p6rrMZ-1he","_links":{"self":[{"href":"https:\/\/blogs.gazetaesportiva.com\/michellegiannella\/wp-json\/wp\/v2\/posts\/4912","targetHints":{"allow":["GET"]}}],"collection":[{"href":"https:\/\/blogs.gazetaesportiva.com\/michellegiannella\/wp-json\/wp\/v2\/posts"}],"about":[{"href":"https:\/\/blogs.gazetaesportiva.com\/michellegiannella\/wp-json\/wp\/v2\/types\/post"}],"author":[{"embeddable":true,"href":"https:\/\/blogs.gazetaesportiva.com\/michellegiannella\/wp-json\/wp\/v2\/users\/14"}],"replies":[{"embeddable":true,"href":"https:\/\/blogs.gazetaesportiva.com\/michellegiannella\/wp-json\/wp\/v2\/comments?post=4912"}],"version-history":[{"count":0,"href":"https:\/\/blogs.gazetaesportiva.com\/michellegiannella\/wp-json\/wp\/v2\/posts\/4912\/revisions"}],"wp:featuredmedia":[{"embeddable":true,"href":"https:\/\/blogs.gazetaesportiva.com\/michellegiannella\/wp-json\/wp\/v2\/media\/4915"}],"wp:attachment":[{"href":"https:\/\/blogs.gazetaesportiva.com\/michellegiannella\/wp-json\/wp\/v2\/media?parent=4912"}],"wp:term":[{"taxonomy":"category","embeddable":true,"href":"https:\/\/blogs.gazetaesportiva.com\/michellegiannella\/wp-json\/wp\/v2\/categories?post=4912"},{"taxonomy":"post_tag","embeddable":true,"href":"https:\/\/blogs.gazetaesportiva.com\/michellegiannella\/wp-json\/wp\/v2\/tags?post=4912"}],"curies":[{"name":"wp","href":"https:\/\/api.w.org\/{rel}","templated":true}]}}