{"id":4905,"date":"2019-02-01T14:55:50","date_gmt":"2019-02-01T16:55:50","guid":{"rendered":"https:\/\/blogs.gazetaesportiva.com\/michellegiannella\/?p=4905"},"modified":"2019-02-01T19:01:40","modified_gmt":"2019-02-01T21:01:40","slug":"palmeiras-x-corinthians-meu-palpite-pro-jogo","status":"publish","type":"post","link":"https:\/\/blogs.gazetaesportiva.com\/michellegiannella\/2019\/02\/01\/palmeiras-x-corinthians-meu-palpite-pro-jogo\/","title":{"rendered":"Palmeiras x Corinthians &#8211; meu palpite pro jogo"},"content":{"rendered":"<figure id=\"attachment_4908\" aria-describedby=\"caption-attachment-4908\" style=\"width: 900px\" class=\"wp-caption aligncenter\"><a href=\"https:\/\/blogs.gazetaesportiva.com\/michellegiannella\/files\/2019\/02\/montagem1.jpg\"><img loading=\"lazy\" decoding=\"async\" class=\"size-full wp-image-4908\" src=\"https:\/\/blogs.gazetaesportiva.com\/michellegiannella\/files\/2019\/02\/montagem1.jpg\" alt=\"\" width=\"900\" height=\"400\" srcset=\"https:\/\/blogs.gazetaesportiva.com\/michellegiannella\/files\/2019\/02\/montagem1.jpg 900w, https:\/\/blogs.gazetaesportiva.com\/michellegiannella\/files\/2019\/02\/montagem1-300x133.jpg 300w, https:\/\/blogs.gazetaesportiva.com\/michellegiannella\/files\/2019\/02\/montagem1-768x341.jpg 768w\" sizes=\"auto, (max-width: 900px) 100vw, 900px\" \/><\/a><figcaption id=\"caption-attachment-4908\" class=\"wp-caption-text\">Fotos: Fernando Dantas e Sergio Barzaghi\/Gazeta Press<\/figcaption><\/figure>\n<p>Chegando cl\u00e1ssico quente no s\u00e1bado e seguem aqui 7 motivos pelos quais este n\u00e3o \u00e9 um jogo qualquer de Campeonato Paulista:<\/p>\n<p>Felip\u00e3o x Carille &#8211; O aproveitamento do treinador corintiano em cl\u00e1ssicos contra o Verd\u00e3o \u00e9 de 85.7%, perdeu apenas um jogo para o alviverde, contra 46,7% de aproveitamento de Felip\u00e3o em retrospectos contra o rival. Ou seja, por mais que o momento do Corinthians seja delicado com as \u00faltimas derrotas, na hora H a camisa pesa, o bicho pega e a grande rivalidade entra em campo e promete um bom jogo. Nenhum dos dois times quer perder. Para o Palmeiras e Felip\u00e3o \u00e9 fundamental a vit\u00f3ria por uma quest\u00e3o de brio, afinal a superioridade do elenco alviverde \u00e9 clara, mas dentro das quatro linhas \u00e9 11 contra 11.<\/p>\n<p>O fator V\u00e1gner Love. O artilheiro do amor, que j\u00e1 brilhou pelo Verd\u00e3o pode estrear e detonar em campo. N\u00e3o acredito numa estr\u00e9ia milagrosa, afinal de contas estrear sob press\u00e3o num cl\u00e1ssico desses n\u00e3o \u00e9 f\u00e1cil. Mas Love tem experi\u00eancia e sorte. Pode ser o nome do jogo e fazer a diferen\u00e7a.<\/p>\n<p>Palpite: n\u00e3o acho que vai dar empate, mas tudo leva a crer numa vit\u00f3ria do Palmeiras que tem uma campanha bem melhor: 3 vit\u00f3rias e 1 empate, enquanto o Corinthians vem de 2 derrotas e 1 empate. Mas, como muitas vezes quem est\u00e1 pior ganha, o Corinthians \u00e9 o Corinthians sempre e cresce contra o Verd\u00e3o. Aguardemos.<\/p>\n<p>&nbsp;<\/p>\n<p>&nbsp;<\/p>\n<p>&nbsp;<\/p>\n","protected":false},"excerpt":{"rendered":"<p>Chegando cl\u00e1ssico quente no s\u00e1bado e seguem aqui 7 motivos pelos quais este n\u00e3o \u00e9 um jogo qualquer de Campeonato Paulista: Felip\u00e3o x Carille &#8211; <a class=\"read-more\" href=\"https:\/\/blogs.gazetaesportiva.com\/michellegiannella\/2019\/02\/01\/palmeiras-x-corinthians-meu-palpite-pro-jogo\/\">leia mais<\/a><\/p>\n","protected":false},"author":14,"featured_media":4908,"comment_status":"open","ping_status":"open","sticky":false,"template":"","format":"standard","meta":{"jetpack_post_was_ever_published":false,"_jetpack_newsletter_access":"","_jetpack_dont_email_post_to_subs":false,"_jetpack_newsletter_tier_id":0,"_jetpack_memberships_contains_paywalled_content":false,"_jetpack_memberships_contains_paid_content":false,"footnotes":"","jetpack_publicize_message":"","jetpack_publicize_feature_enabled":true,"jetpack_social_post_already_shared":true,"jetpack_social_options":{"image_generator_settings":{"template":"highway","default_image_id":0,"font":"","enabled":false},"version":2}},"categories":[1],"tags":[],"class_list":["post-4905","post","type-post","status-publish","format-standard","has-post-thumbnail","hentry","category-sem-categoria"],"jetpack_publicize_connections":[],"jetpack_featured_media_url":"https:\/\/blogs.gazetaesportiva.com\/michellegiannella\/files\/2019\/02\/montagem1.jpg","jetpack_sharing_enabled":true,"jetpack_shortlink":"https:\/\/wp.me\/p6rrMZ-1h7","_links":{"self":[{"href":"https:\/\/blogs.gazetaesportiva.com\/michellegiannella\/wp-json\/wp\/v2\/posts\/4905","targetHints":{"allow":["GET"]}}],"collection":[{"href":"https:\/\/blogs.gazetaesportiva.com\/michellegiannella\/wp-json\/wp\/v2\/posts"}],"about":[{"href":"https:\/\/blogs.gazetaesportiva.com\/michellegiannella\/wp-json\/wp\/v2\/types\/post"}],"author":[{"embeddable":true,"href":"https:\/\/blogs.gazetaesportiva.com\/michellegiannella\/wp-json\/wp\/v2\/users\/14"}],"replies":[{"embeddable":true,"href":"https:\/\/blogs.gazetaesportiva.com\/michellegiannella\/wp-json\/wp\/v2\/comments?post=4905"}],"version-history":[{"count":0,"href":"https:\/\/blogs.gazetaesportiva.com\/michellegiannella\/wp-json\/wp\/v2\/posts\/4905\/revisions"}],"wp:featuredmedia":[{"embeddable":true,"href":"https:\/\/blogs.gazetaesportiva.com\/michellegiannella\/wp-json\/wp\/v2\/media\/4908"}],"wp:attachment":[{"href":"https:\/\/blogs.gazetaesportiva.com\/michellegiannella\/wp-json\/wp\/v2\/media?parent=4905"}],"wp:term":[{"taxonomy":"category","embeddable":true,"href":"https:\/\/blogs.gazetaesportiva.com\/michellegiannella\/wp-json\/wp\/v2\/categories?post=4905"},{"taxonomy":"post_tag","embeddable":true,"href":"https:\/\/blogs.gazetaesportiva.com\/michellegiannella\/wp-json\/wp\/v2\/tags?post=4905"}],"curies":[{"name":"wp","href":"https:\/\/api.w.org\/{rel}","templated":true}]}}