{"id":4903,"date":"2019-01-20T22:50:11","date_gmt":"2019-01-21T00:50:11","guid":{"rendered":"https:\/\/blogs.gazetaesportiva.com\/michellegiannella\/?p=4903"},"modified":"2019-01-20T22:50:48","modified_gmt":"2019-01-21T00:50:48","slug":"o-ano-promete-no-futebol","status":"publish","type":"post","link":"https:\/\/blogs.gazetaesportiva.com\/michellegiannella\/2019\/01\/20\/o-ano-promete-no-futebol\/","title":{"rendered":"O ano promete no futebol"},"content":{"rendered":"<p>OI pessoal!<\/p>\n<p>Voltando aos domingos no programa Mesa Redonda.<\/p>\n<p>Esse ano o futebol promete!<\/p>\n<p>Corinthians com Carille de volta. Promete.<\/p>\n<p>Santos com Sampaoli. Ser\u00e1 que o treinador argentino consegue se adaptar ao nosso futebol?<\/p>\n<p>S\u00e3o Paulo com o estreando Jardine. Voc\u00eas confiam no novo treinador, aposta da diretoria?<\/p>\n<p>Palmeiras com o incontest\u00e1vel Felip\u00e3o. Ser\u00e1 que o treinador consegue um ano vitorioso novamente?<\/p>\n<p>De qualquer forma, 2019 promete. Espero que estejamos juntos e que possa ser um ano feliz para todos n\u00f3s. Um beijo a todos. Mi<\/p>\n<p><img decoding=\"async\" src=\"https:\/\/pbs.twimg.com\/media\/DxY-QEGW0AACF9d.jpg:large\" \/><\/p>\n","protected":false},"excerpt":{"rendered":"<p>OI pessoal! Voltando aos domingos no programa Mesa Redonda. Esse ano o futebol promete! Corinthians com Carille de volta. Promete. Santos com Sampaoli. Ser\u00e1 que <a class=\"read-more\" href=\"https:\/\/blogs.gazetaesportiva.com\/michellegiannella\/2019\/01\/20\/o-ano-promete-no-futebol\/\">leia mais<\/a><\/p>\n","protected":false},"author":14,"featured_media":0,"comment_status":"open","ping_status":"open","sticky":false,"template":"","format":"standard","meta":{"jetpack_post_was_ever_published":false,"_jetpack_newsletter_access":"","_jetpack_dont_email_post_to_subs":false,"_jetpack_newsletter_tier_id":0,"_jetpack_memberships_contains_paywalled_content":false,"_jetpack_memberships_contains_paid_content":false,"footnotes":"","jetpack_publicize_message":"","jetpack_publicize_feature_enabled":true,"jetpack_social_post_already_shared":true,"jetpack_social_options":{"image_generator_settings":{"template":"highway","default_image_id":0,"font":"","enabled":false},"version":2}},"categories":[1],"tags":[],"class_list":["post-4903","post","type-post","status-publish","format-standard","hentry","category-sem-categoria"],"jetpack_publicize_connections":[],"jetpack_featured_media_url":"","jetpack_sharing_enabled":true,"jetpack_shortlink":"https:\/\/wp.me\/p6rrMZ-1h5","_links":{"self":[{"href":"https:\/\/blogs.gazetaesportiva.com\/michellegiannella\/wp-json\/wp\/v2\/posts\/4903","targetHints":{"allow":["GET"]}}],"collection":[{"href":"https:\/\/blogs.gazetaesportiva.com\/michellegiannella\/wp-json\/wp\/v2\/posts"}],"about":[{"href":"https:\/\/blogs.gazetaesportiva.com\/michellegiannella\/wp-json\/wp\/v2\/types\/post"}],"author":[{"embeddable":true,"href":"https:\/\/blogs.gazetaesportiva.com\/michellegiannella\/wp-json\/wp\/v2\/users\/14"}],"replies":[{"embeddable":true,"href":"https:\/\/blogs.gazetaesportiva.com\/michellegiannella\/wp-json\/wp\/v2\/comments?post=4903"}],"version-history":[{"count":0,"href":"https:\/\/blogs.gazetaesportiva.com\/michellegiannella\/wp-json\/wp\/v2\/posts\/4903\/revisions"}],"wp:attachment":[{"href":"https:\/\/blogs.gazetaesportiva.com\/michellegiannella\/wp-json\/wp\/v2\/media?parent=4903"}],"wp:term":[{"taxonomy":"category","embeddable":true,"href":"https:\/\/blogs.gazetaesportiva.com\/michellegiannella\/wp-json\/wp\/v2\/categories?post=4903"},{"taxonomy":"post_tag","embeddable":true,"href":"https:\/\/blogs.gazetaesportiva.com\/michellegiannella\/wp-json\/wp\/v2\/tags?post=4903"}],"curies":[{"name":"wp","href":"https:\/\/api.w.org\/{rel}","templated":true}]}}