{"id":4891,"date":"2018-12-13T15:40:41","date_gmt":"2018-12-13T17:40:41","guid":{"rendered":"https:\/\/blogs.gazetaesportiva.com\/michellegiannella\/?p=4891"},"modified":"2018-12-13T15:46:46","modified_gmt":"2018-12-13T17:46:46","slug":"4891","status":"publish","type":"post","link":"https:\/\/blogs.gazetaesportiva.com\/michellegiannella\/2018\/12\/13\/4891\/","title":{"rendered":"Foto do time campe\u00e3o da 15\u00aa edi\u00e7\u00e3o do Trof\u00e9u Mesa Redonda"},"content":{"rendered":"<figure id=\"attachment_4892\" aria-describedby=\"caption-attachment-4892\" style=\"width: 6517px\" class=\"wp-caption aligncenter\"><img loading=\"lazy\" decoding=\"async\" class=\"size-full wp-image-4892\" src=\"https:\/\/blogs.gazetaesportiva.com\/michellegiannella\/files\/2018\/12\/Trof\u00e9u-Mesa-Redonda_2018-345time.jpg\" alt=\"\" width=\"6517\" height=\"3953\" srcset=\"https:\/\/blogs.gazetaesportiva.com\/michellegiannella\/files\/2018\/12\/Trof\u00e9u-Mesa-Redonda_2018-345time.jpg 6517w, https:\/\/blogs.gazetaesportiva.com\/michellegiannella\/files\/2018\/12\/Trof\u00e9u-Mesa-Redonda_2018-345time-300x182.jpg 300w, https:\/\/blogs.gazetaesportiva.com\/michellegiannella\/files\/2018\/12\/Trof\u00e9u-Mesa-Redonda_2018-345time-768x466.jpg 768w, https:\/\/blogs.gazetaesportiva.com\/michellegiannella\/files\/2018\/12\/Trof\u00e9u-Mesa-Redonda_2018-345time-1024x621.jpg 1024w\" sizes=\"auto, (max-width: 6517px) 100vw, 6517px\" \/><figcaption id=\"caption-attachment-4892\" class=\"wp-caption-text\">foto: Vitor Zocarato<\/figcaption><\/figure>\n<p>A 15\u00aa edi\u00e7\u00e3o do Trof\u00e9u Mesa Redonda de 2018 foi emocionante.<\/p>\n<p>Nosso time trabalhou com muita garra e vontade. Com a nossa uni\u00e3o, nossa premia\u00e7\u00e3o foi, sem d\u00favidas, a mais linda e emocionante do futebol brasileiro.<\/p>\n<p>Parab\u00e9ns, time! Parab\u00e9ns, TV Gazeta!<\/p>\n<p>&nbsp;<\/p>\n<figure id=\"attachment_4893\" aria-describedby=\"caption-attachment-4893\" style=\"width: 7360px\" class=\"wp-caption aligncenter\"><img loading=\"lazy\" decoding=\"async\" class=\"size-full wp-image-4893\" src=\"https:\/\/blogs.gazetaesportiva.com\/michellegiannella\/files\/2018\/12\/Trof\u00e9u-Mesa-Redonda_2018-340.jpg\" alt=\"\" width=\"7360\" height=\"4912\" srcset=\"https:\/\/blogs.gazetaesportiva.com\/michellegiannella\/files\/2018\/12\/Trof\u00e9u-Mesa-Redonda_2018-340.jpg 7360w, https:\/\/blogs.gazetaesportiva.com\/michellegiannella\/files\/2018\/12\/Trof\u00e9u-Mesa-Redonda_2018-340-300x200.jpg 300w, https:\/\/blogs.gazetaesportiva.com\/michellegiannella\/files\/2018\/12\/Trof\u00e9u-Mesa-Redonda_2018-340-768x513.jpg 768w, https:\/\/blogs.gazetaesportiva.com\/michellegiannella\/files\/2018\/12\/Trof\u00e9u-Mesa-Redonda_2018-340-1024x683.jpg 1024w, https:\/\/blogs.gazetaesportiva.com\/michellegiannella\/files\/2018\/12\/Trof\u00e9u-Mesa-Redonda_2018-340-120x80.jpg 120w\" sizes=\"auto, (max-width: 7360px) 100vw, 7360px\" \/><figcaption id=\"caption-attachment-4893\" class=\"wp-caption-text\">Foto: Vitor Zocarato<\/figcaption><\/figure>\n<p>Na foto, eu e Fl\u00e1vio Prado, ao lado da nossa superintendente de programa\u00e7\u00e3o Marin\u00eas Rodrigues.<\/p>\n<p>&nbsp;<\/p>\n<figure id=\"attachment_4894\" aria-describedby=\"caption-attachment-4894\" style=\"width: 5362px\" class=\"wp-caption aligncenter\"><img loading=\"lazy\" decoding=\"async\" class=\"size-full wp-image-4894\" src=\"https:\/\/blogs.gazetaesportiva.com\/michellegiannella\/files\/2018\/12\/Trof\u00e9u-Mesa-Redonda_2018-69mi.jpg\" alt=\"\" width=\"5362\" height=\"4218\" srcset=\"https:\/\/blogs.gazetaesportiva.com\/michellegiannella\/files\/2018\/12\/Trof\u00e9u-Mesa-Redonda_2018-69mi.jpg 5362w, https:\/\/blogs.gazetaesportiva.com\/michellegiannella\/files\/2018\/12\/Trof\u00e9u-Mesa-Redonda_2018-69mi-300x236.jpg 300w, https:\/\/blogs.gazetaesportiva.com\/michellegiannella\/files\/2018\/12\/Trof\u00e9u-Mesa-Redonda_2018-69mi-768x604.jpg 768w, https:\/\/blogs.gazetaesportiva.com\/michellegiannella\/files\/2018\/12\/Trof\u00e9u-Mesa-Redonda_2018-69mi-1024x806.jpg 1024w\" sizes=\"auto, (max-width: 5362px) 100vw, 5362px\" \/><figcaption id=\"caption-attachment-4894\" class=\"wp-caption-text\">Foto: Vitor Zocarato<\/figcaption><\/figure>\n<p>O vestido da noite do Oscar do futebol brasileiro.<\/p>\n<p>&nbsp;<\/p>\n","protected":false},"excerpt":{"rendered":"<p>A 15\u00aa edi\u00e7\u00e3o do Trof\u00e9u Mesa Redonda de 2018 foi emocionante. Nosso time trabalhou com muita garra e vontade. Com a nossa uni\u00e3o, nossa premia\u00e7\u00e3o <a class=\"read-more\" href=\"https:\/\/blogs.gazetaesportiva.com\/michellegiannella\/2018\/12\/13\/4891\/\">leia mais<\/a><\/p>\n","protected":false},"author":14,"featured_media":4894,"comment_status":"open","ping_status":"open","sticky":false,"template":"","format":"standard","meta":{"jetpack_post_was_ever_published":false,"_jetpack_newsletter_access":"","_jetpack_dont_email_post_to_subs":false,"_jetpack_newsletter_tier_id":0,"_jetpack_memberships_contains_paywalled_content":false,"_jetpack_memberships_contains_paid_content":false,"footnotes":"","jetpack_publicize_message":"","jetpack_publicize_feature_enabled":true,"jetpack_social_post_already_shared":true,"jetpack_social_options":{"image_generator_settings":{"template":"highway","default_image_id":0,"font":"","enabled":false},"version":2}},"categories":[1],"tags":[],"class_list":["post-4891","post","type-post","status-publish","format-standard","has-post-thumbnail","hentry","category-sem-categoria"],"jetpack_publicize_connections":[],"jetpack_featured_media_url":"https:\/\/blogs.gazetaesportiva.com\/michellegiannella\/files\/2018\/12\/Trof\u00e9u-Mesa-Redonda_2018-69mi.jpg","jetpack_sharing_enabled":true,"jetpack_shortlink":"https:\/\/wp.me\/s6rrMZ-4891","_links":{"self":[{"href":"https:\/\/blogs.gazetaesportiva.com\/michellegiannella\/wp-json\/wp\/v2\/posts\/4891","targetHints":{"allow":["GET"]}}],"collection":[{"href":"https:\/\/blogs.gazetaesportiva.com\/michellegiannella\/wp-json\/wp\/v2\/posts"}],"about":[{"href":"https:\/\/blogs.gazetaesportiva.com\/michellegiannella\/wp-json\/wp\/v2\/types\/post"}],"author":[{"embeddable":true,"href":"https:\/\/blogs.gazetaesportiva.com\/michellegiannella\/wp-json\/wp\/v2\/users\/14"}],"replies":[{"embeddable":true,"href":"https:\/\/blogs.gazetaesportiva.com\/michellegiannella\/wp-json\/wp\/v2\/comments?post=4891"}],"version-history":[{"count":0,"href":"https:\/\/blogs.gazetaesportiva.com\/michellegiannella\/wp-json\/wp\/v2\/posts\/4891\/revisions"}],"wp:featuredmedia":[{"embeddable":true,"href":"https:\/\/blogs.gazetaesportiva.com\/michellegiannella\/wp-json\/wp\/v2\/media\/4894"}],"wp:attachment":[{"href":"https:\/\/blogs.gazetaesportiva.com\/michellegiannella\/wp-json\/wp\/v2\/media?parent=4891"}],"wp:term":[{"taxonomy":"category","embeddable":true,"href":"https:\/\/blogs.gazetaesportiva.com\/michellegiannella\/wp-json\/wp\/v2\/categories?post=4891"},{"taxonomy":"post_tag","embeddable":true,"href":"https:\/\/blogs.gazetaesportiva.com\/michellegiannella\/wp-json\/wp\/v2\/tags?post=4891"}],"curies":[{"name":"wp","href":"https:\/\/api.w.org\/{rel}","templated":true}]}}