{"id":4878,"date":"2018-12-09T15:56:05","date_gmt":"2018-12-09T17:56:05","guid":{"rendered":"https:\/\/blogs.gazetaesportiva.com\/michellegiannella\/?p=4878"},"modified":"2018-12-12T16:18:58","modified_gmt":"2018-12-12T18:18:58","slug":"15-a-edicao-do-trofeu-mesa-redonda","status":"publish","type":"post","link":"https:\/\/blogs.gazetaesportiva.com\/michellegiannella\/2018\/12\/09\/15-a-edicao-do-trofeu-mesa-redonda\/","title":{"rendered":"15 \u00aa edi\u00e7\u00e3o do Trof\u00e9u Mesa Redonda"},"content":{"rendered":"<div class='fotorama--wp' data-ids='4887,4889,4890,4888,4886,4885,4884,4883,4882,4881,4880,4879'data-link='file'data-itemtag='dl'data-icontag='dt'data-captiontag='dd'data-columns='0'data-size='large'data-width='640'data-auto='false'data-max-width='100%'data-ratio='1.5023474178404'><div id='gallery-1' class='gallery galleryid-4878 gallery-columns-0 gallery-size-thumbnail'><dl class='gallery-item'>\n\t\t\t<dt class='gallery-icon landscape'>\n\t\t\t\t<a href='https:\/\/blogs.gazetaesportiva.com\/michellegiannella\/files\/2018\/12\/dv_trofeu_2-5-1024x682.jpg' data-full='https:\/\/blogs.gazetaesportiva.com\/michellegiannella\/files\/2018\/12\/dv_trofeu_2-5.jpg'><img loading=\"lazy\" decoding=\"async\" width=\"150\" height=\"150\" src=\"https:\/\/blogs.gazetaesportiva.com\/michellegiannella\/files\/2018\/12\/dv_trofeu_2-5-150x150.jpg\" class=\"attachment-thumbnail size-thumbnail\" alt=\"\" aria-describedby=\"gallery-1-4887\" \/><\/a>\n\t\t\t<\/dt>\n\t\t\t\t<dd class='wp-caption-text gallery-caption' id='gallery-1-4887'>\n\t\t\t\tFoto: Djalma Vass\u00e3o\/Gazeta Press\n\t\t\t\t<\/dd><\/dl><dl class='gallery-item'>\n\t\t\t<dt class='gallery-icon portrait'>\n\t\t\t\t<a href='https:\/\/blogs.gazetaesportiva.com\/michellegiannella\/files\/2018\/12\/dv_trofeu_3-22-682x1024.jpg' data-full='https:\/\/blogs.gazetaesportiva.com\/michellegiannella\/files\/2018\/12\/dv_trofeu_3-22.jpg'><img loading=\"lazy\" decoding=\"async\" width=\"150\" height=\"150\" src=\"https:\/\/blogs.gazetaesportiva.com\/michellegiannella\/files\/2018\/12\/dv_trofeu_3-22-150x150.jpg\" class=\"attachment-thumbnail size-thumbnail\" alt=\"\" aria-describedby=\"gallery-1-4889\" \/><\/a>\n\t\t\t<\/dt>\n\t\t\t\t<dd class='wp-caption-text gallery-caption' id='gallery-1-4889'>\n\t\t\t\tFoto: Djalma Vass\u00e3o\/Gazeta Press\n\t\t\t\t<\/dd><\/dl><dl class='gallery-item'>\n\t\t\t<dt class='gallery-icon landscape'>\n\t\t\t\t<a href='https:\/\/blogs.gazetaesportiva.com\/michellegiannella\/files\/2018\/12\/dv_trofeu_3-36-1024x681.jpg' data-full='https:\/\/blogs.gazetaesportiva.com\/michellegiannella\/files\/2018\/12\/dv_trofeu_3-36.jpg'><img loading=\"lazy\" decoding=\"async\" width=\"150\" height=\"150\" src=\"https:\/\/blogs.gazetaesportiva.com\/michellegiannella\/files\/2018\/12\/dv_trofeu_3-36-150x150.jpg\" class=\"attachment-thumbnail size-thumbnail\" alt=\"\" aria-describedby=\"gallery-1-4890\" \/><\/a>\n\t\t\t<\/dt>\n\t\t\t\t<dd class='wp-caption-text gallery-caption' id='gallery-1-4890'>\n\t\t\t\tFoto: Djalma Vass\u00e3o\/Gazeta Press\n\t\t\t\t<\/dd><\/dl><dl class='gallery-item'>\n\t\t\t<dt class='gallery-icon landscape'>\n\t\t\t\t<a href='https:\/\/blogs.gazetaesportiva.com\/michellegiannella\/files\/2018\/12\/dv_trofeu_2-4-1024x682.jpg' data-full='https:\/\/blogs.gazetaesportiva.com\/michellegiannella\/files\/2018\/12\/dv_trofeu_2-4.jpg'><img loading=\"lazy\" decoding=\"async\" width=\"150\" height=\"150\" src=\"https:\/\/blogs.gazetaesportiva.com\/michellegiannella\/files\/2018\/12\/dv_trofeu_2-4-150x150.jpg\" class=\"attachment-thumbnail size-thumbnail\" alt=\"\" aria-describedby=\"gallery-1-4888\" \/><\/a>\n\t\t\t<\/dt>\n\t\t\t\t<dd class='wp-caption-text gallery-caption' id='gallery-1-4888'>\n\t\t\t\tFoto: Djalma Vass\u00e3o\/Gazeta Press\n\t\t\t\t<\/dd><\/dl><dl class='gallery-item'>\n\t\t\t<dt class='gallery-icon landscape'>\n\t\t\t\t<a href='https:\/\/blogs.gazetaesportiva.com\/michellegiannella\/files\/2018\/12\/dv_trofeu_2-3-1024x682.jpg' data-full='https:\/\/blogs.gazetaesportiva.com\/michellegiannella\/files\/2018\/12\/dv_trofeu_2-3.jpg'><img loading=\"lazy\" decoding=\"async\" width=\"150\" height=\"150\" src=\"https:\/\/blogs.gazetaesportiva.com\/michellegiannella\/files\/2018\/12\/dv_trofeu_2-3-150x150.jpg\" class=\"attachment-thumbnail size-thumbnail\" alt=\"\" aria-describedby=\"gallery-1-4886\" \/><\/a>\n\t\t\t<\/dt>\n\t\t\t\t<dd class='wp-caption-text gallery-caption' id='gallery-1-4886'>\n\t\t\t\tFoto: Djalma Vass\u00e3o\/Gazeta Press\n\t\t\t\t<\/dd><\/dl><dl class='gallery-item'>\n\t\t\t<dt class='gallery-icon landscape'>\n\t\t\t\t<a href='https:\/\/blogs.gazetaesportiva.com\/michellegiannella\/files\/2018\/12\/dv_trofeu_3-38-1024x682.jpg' data-full='https:\/\/blogs.gazetaesportiva.com\/michellegiannella\/files\/2018\/12\/dv_trofeu_3-38.jpg'><img loading=\"lazy\" decoding=\"async\" width=\"150\" height=\"150\" src=\"https:\/\/blogs.gazetaesportiva.com\/michellegiannella\/files\/2018\/12\/dv_trofeu_3-38-150x150.jpg\" class=\"attachment-thumbnail size-thumbnail\" alt=\"\" aria-describedby=\"gallery-1-4885\" \/><\/a>\n\t\t\t<\/dt>\n\t\t\t\t<dd class='wp-caption-text gallery-caption' id='gallery-1-4885'>\n\t\t\t\tFoto: Djalma Vass\u00e3o\/Gazeta Press\n\t\t\t\t<\/dd><\/dl><dl class='gallery-item'>\n\t\t\t<dt class='gallery-icon landscape'>\n\t\t\t\t<a href='https:\/\/blogs.gazetaesportiva.com\/michellegiannella\/files\/2018\/12\/dv_trofeu_2-1-1024x682.jpg' data-full='https:\/\/blogs.gazetaesportiva.com\/michellegiannella\/files\/2018\/12\/dv_trofeu_2-1.jpg'><img loading=\"lazy\" decoding=\"async\" width=\"150\" height=\"150\" src=\"https:\/\/blogs.gazetaesportiva.com\/michellegiannella\/files\/2018\/12\/dv_trofeu_2-1-150x150.jpg\" class=\"attachment-thumbnail size-thumbnail\" alt=\"\" aria-describedby=\"gallery-1-4884\" \/><\/a>\n\t\t\t<\/dt>\n\t\t\t\t<dd class='wp-caption-text gallery-caption' id='gallery-1-4884'>\n\t\t\t\tFoto: Djalma Vass\u00e3o\/Gazeta Press\n\t\t\t\t<\/dd><\/dl><dl class='gallery-item'>\n\t\t\t<dt class='gallery-icon landscape'>\n\t\t\t\t<a href='https:\/\/blogs.gazetaesportiva.com\/michellegiannella\/files\/2018\/12\/dv_trofeu_1-15-1024x682.jpg' data-full='https:\/\/blogs.gazetaesportiva.com\/michellegiannella\/files\/2018\/12\/dv_trofeu_1-15.jpg'><img loading=\"lazy\" decoding=\"async\" width=\"150\" height=\"150\" src=\"https:\/\/blogs.gazetaesportiva.com\/michellegiannella\/files\/2018\/12\/dv_trofeu_1-15-150x150.jpg\" class=\"attachment-thumbnail size-thumbnail\" alt=\"\" aria-describedby=\"gallery-1-4883\" \/><\/a>\n\t\t\t<\/dt>\n\t\t\t\t<dd class='wp-caption-text gallery-caption' id='gallery-1-4883'>\n\t\t\t\tFoto: Djalma Vass\u00e3o\/Gazeta Press\n\t\t\t\t<\/dd><\/dl><dl class='gallery-item'>\n\t\t\t<dt class='gallery-icon landscape'>\n\t\t\t\t<a href='https:\/\/blogs.gazetaesportiva.com\/michellegiannella\/files\/2018\/12\/dv_trofeu_1-8-1024x682.jpg' data-full='https:\/\/blogs.gazetaesportiva.com\/michellegiannella\/files\/2018\/12\/dv_trofeu_1-8.jpg'><img loading=\"lazy\" decoding=\"async\" width=\"150\" height=\"150\" src=\"https:\/\/blogs.gazetaesportiva.com\/michellegiannella\/files\/2018\/12\/dv_trofeu_1-8-150x150.jpg\" class=\"attachment-thumbnail size-thumbnail\" alt=\"\" aria-describedby=\"gallery-1-4882\" \/><\/a>\n\t\t\t<\/dt>\n\t\t\t\t<dd class='wp-caption-text gallery-caption' id='gallery-1-4882'>\n\t\t\t\tFoto: Djalma Vass\u00e3o\/Gazeta Press\n\t\t\t\t<\/dd><\/dl><dl class='gallery-item'>\n\t\t\t<dt class='gallery-icon landscape'>\n\t\t\t\t<a href='https:\/\/blogs.gazetaesportiva.com\/michellegiannella\/files\/2018\/12\/dv_trofeu_3-26-1024x681.jpg' data-full='https:\/\/blogs.gazetaesportiva.com\/michellegiannella\/files\/2018\/12\/dv_trofeu_3-26.jpg'><img loading=\"lazy\" decoding=\"async\" width=\"150\" height=\"150\" src=\"https:\/\/blogs.gazetaesportiva.com\/michellegiannella\/files\/2018\/12\/dv_trofeu_3-26-150x150.jpg\" class=\"attachment-thumbnail size-thumbnail\" alt=\"\" aria-describedby=\"gallery-1-4881\" \/><\/a>\n\t\t\t<\/dt>\n\t\t\t\t<dd class='wp-caption-text gallery-caption' id='gallery-1-4881'>\n\t\t\t\tFoto: Djalma Vass\u00e3o\/Gazeta Press\n\t\t\t\t<\/dd><\/dl><dl class='gallery-item'>\n\t\t\t<dt class='gallery-icon landscape'>\n\t\t\t\t<a href='https:\/\/blogs.gazetaesportiva.com\/michellegiannella\/files\/2018\/12\/dv_trofeu_3-37-1024x681.jpg' data-full='https:\/\/blogs.gazetaesportiva.com\/michellegiannella\/files\/2018\/12\/dv_trofeu_3-37.jpg'><img loading=\"lazy\" decoding=\"async\" width=\"150\" height=\"150\" src=\"https:\/\/blogs.gazetaesportiva.com\/michellegiannella\/files\/2018\/12\/dv_trofeu_3-37-150x150.jpg\" class=\"attachment-thumbnail size-thumbnail\" alt=\"\" aria-describedby=\"gallery-1-4880\" \/><\/a>\n\t\t\t<\/dt>\n\t\t\t\t<dd class='wp-caption-text gallery-caption' id='gallery-1-4880'>\n\t\t\t\tFoto: Djalma Vass\u00e3o\/Gazeta Press\n\t\t\t\t<\/dd><\/dl><dl class='gallery-item'>\n\t\t\t<dt class='gallery-icon landscape'>\n\t\t\t\t<a href='https:\/\/blogs.gazetaesportiva.com\/michellegiannella\/files\/2018\/12\/dv_trofeu_4-6-1024x682.jpg' data-full='https:\/\/blogs.gazetaesportiva.com\/michellegiannella\/files\/2018\/12\/dv_trofeu_4-6.jpg'><img loading=\"lazy\" decoding=\"async\" width=\"150\" height=\"150\" src=\"https:\/\/blogs.gazetaesportiva.com\/michellegiannella\/files\/2018\/12\/dv_trofeu_4-6-150x150.jpg\" class=\"attachment-thumbnail size-thumbnail\" alt=\"\" aria-describedby=\"gallery-1-4879\" \/><\/a>\n\t\t\t<\/dt>\n\t\t\t\t<dd class='wp-caption-text gallery-caption' id='gallery-1-4879'>\n\t\t\t\tFoto: Djalma Vass\u00e3o\/Gazeta Press\n\t\t\t\t<\/dd><\/dl>\n\t\t<\/div>\n<\/div>\n","protected":false},"excerpt":{"rendered":"","protected":false},"author":14,"featured_media":4890,"comment_status":"open","ping_status":"open","sticky":false,"template":"","format":"standard","meta":{"jetpack_post_was_ever_published":false,"_jetpack_newsletter_access":"","_jetpack_dont_email_post_to_subs":false,"_jetpack_newsletter_tier_id":0,"_jetpack_memberships_contains_paywalled_content":false,"_jetpack_memberships_contains_paid_content":false,"footnotes":"","jetpack_publicize_message":"","jetpack_publicize_feature_enabled":true,"jetpack_social_post_already_shared":true,"jetpack_social_options":{"image_generator_settings":{"template":"highway","default_image_id":0,"font":"","enabled":false},"version":2}},"categories":[1],"tags":[],"class_list":["post-4878","post","type-post","status-publish","format-standard","has-post-thumbnail","hentry","category-sem-categoria"],"jetpack_publicize_connections":[],"jetpack_featured_media_url":"https:\/\/blogs.gazetaesportiva.com\/michellegiannella\/files\/2018\/12\/dv_trofeu_3-36.jpg","jetpack_sharing_enabled":true,"jetpack_shortlink":"https:\/\/wp.me\/p6rrMZ-1gG","_links":{"self":[{"href":"https:\/\/blogs.gazetaesportiva.com\/michellegiannella\/wp-json\/wp\/v2\/posts\/4878","targetHints":{"allow":["GET"]}}],"collection":[{"href":"https:\/\/blogs.gazetaesportiva.com\/michellegiannella\/wp-json\/wp\/v2\/posts"}],"about":[{"href":"https:\/\/blogs.gazetaesportiva.com\/michellegiannella\/wp-json\/wp\/v2\/types\/post"}],"author":[{"embeddable":true,"href":"https:\/\/blogs.gazetaesportiva.com\/michellegiannella\/wp-json\/wp\/v2\/users\/14"}],"replies":[{"embeddable":true,"href":"https:\/\/blogs.gazetaesportiva.com\/michellegiannella\/wp-json\/wp\/v2\/comments?post=4878"}],"version-history":[{"count":0,"href":"https:\/\/blogs.gazetaesportiva.com\/michellegiannella\/wp-json\/wp\/v2\/posts\/4878\/revisions"}],"wp:featuredmedia":[{"embeddable":true,"href":"https:\/\/blogs.gazetaesportiva.com\/michellegiannella\/wp-json\/wp\/v2\/media\/4890"}],"wp:attachment":[{"href":"https:\/\/blogs.gazetaesportiva.com\/michellegiannella\/wp-json\/wp\/v2\/media?parent=4878"}],"wp:term":[{"taxonomy":"category","embeddable":true,"href":"https:\/\/blogs.gazetaesportiva.com\/michellegiannella\/wp-json\/wp\/v2\/categories?post=4878"},{"taxonomy":"post_tag","embeddable":true,"href":"https:\/\/blogs.gazetaesportiva.com\/michellegiannella\/wp-json\/wp\/v2\/tags?post=4878"}],"curies":[{"name":"wp","href":"https:\/\/api.w.org\/{rel}","templated":true}]}}