{"id":4874,"date":"2018-11-25T22:19:52","date_gmt":"2018-11-26T00:19:52","guid":{"rendered":"https:\/\/blogs.gazetaesportiva.com\/michellegiannella\/?p=4874"},"modified":"2018-11-25T23:01:24","modified_gmt":"2018-11-26T01:01:24","slug":"felipao-e-o-nome-do-titulo-do-verdao","status":"publish","type":"post","link":"https:\/\/blogs.gazetaesportiva.com\/michellegiannella\/2018\/11\/25\/felipao-e-o-nome-do-titulo-do-verdao\/","title":{"rendered":"Felip\u00e3o \u00e9 o nome do t\u00edtulo do Verd\u00e3o"},"content":{"rendered":"<figure id=\"attachment_4876\" aria-describedby=\"caption-attachment-4876\" style=\"width: 640px\" class=\"wp-caption aligncenter\"><a href=\"https:\/\/blogs.gazetaesportiva.com\/michellegiannella\/files\/2018\/11\/01177436.jpg\"><img loading=\"lazy\" decoding=\"async\" class=\"size-large wp-image-4876\" src=\"https:\/\/blogs.gazetaesportiva.com\/michellegiannella\/files\/2018\/11\/01177436-1024x681.jpg\" alt=\"\" width=\"640\" height=\"426\" srcset=\"https:\/\/blogs.gazetaesportiva.com\/michellegiannella\/files\/2018\/11\/01177436-1024x681.jpg 1024w, https:\/\/blogs.gazetaesportiva.com\/michellegiannella\/files\/2018\/11\/01177436-300x200.jpg 300w, https:\/\/blogs.gazetaesportiva.com\/michellegiannella\/files\/2018\/11\/01177436-768x511.jpg 768w, https:\/\/blogs.gazetaesportiva.com\/michellegiannella\/files\/2018\/11\/01177436-120x80.jpg 120w\" sizes=\"auto, (max-width: 640px) 100vw, 640px\" \/><\/a><figcaption id=\"caption-attachment-4876\" class=\"wp-caption-text\">Foto: Sergio Barzaghi\/Gazeta Press<\/figcaption><\/figure>\n<p>Muita gente questiona quem foi o respons\u00e1vel pelo t\u00edtulo do Palmeiras no Brasileir\u00e3o&#8230; Pra mim n\u00e3o h\u00e1 d\u00favidas:\u00a0o respons\u00e1vel foi e \u00e9 Felip\u00e3o. Mostrou que \u00e9 um nome de peso e n\u00e3o entra pra brincar. Tem muito conhecimento, principalmente de bastidores, grupo, e de como manter uma equipe unida e focada.<\/p>\n<p>Escolheu cada pe\u00e7a do time, escalou a equipe mantendo pe\u00e7as importantes, apostou em Dudu e Deyverson. Questionado quando chegou, virou a salva\u00e7\u00e3o da p\u00e1tria da diretoria.<\/p>\n<p>Parab\u00e9ns, pela conquista time, Palmeiras.<\/p>\n<p>Parab\u00e9ns, diretoria pela coragem na contrata\u00e7\u00e3o de um t\u00e9cnico que era tido por muitos como ultrapassado.<\/p>\n<p>&nbsp;<\/p>\n","protected":false},"excerpt":{"rendered":"<p>Muita gente questiona quem foi o respons\u00e1vel pelo t\u00edtulo do Palmeiras no Brasileir\u00e3o&#8230; Pra mim n\u00e3o h\u00e1 d\u00favidas:\u00a0o respons\u00e1vel foi e \u00e9 Felip\u00e3o. Mostrou que <a class=\"read-more\" href=\"https:\/\/blogs.gazetaesportiva.com\/michellegiannella\/2018\/11\/25\/felipao-e-o-nome-do-titulo-do-verdao\/\">leia mais<\/a><\/p>\n","protected":false},"author":14,"featured_media":4876,"comment_status":"open","ping_status":"open","sticky":false,"template":"","format":"standard","meta":{"jetpack_post_was_ever_published":false,"_jetpack_newsletter_access":"","_jetpack_dont_email_post_to_subs":false,"_jetpack_newsletter_tier_id":0,"_jetpack_memberships_contains_paywalled_content":false,"_jetpack_memberships_contains_paid_content":false,"footnotes":"","jetpack_publicize_message":"","jetpack_publicize_feature_enabled":true,"jetpack_social_post_already_shared":true,"jetpack_social_options":{"image_generator_settings":{"template":"highway","default_image_id":0,"font":"","enabled":false},"version":2}},"categories":[1],"tags":[],"class_list":["post-4874","post","type-post","status-publish","format-standard","has-post-thumbnail","hentry","category-sem-categoria"],"jetpack_publicize_connections":[],"jetpack_featured_media_url":"https:\/\/blogs.gazetaesportiva.com\/michellegiannella\/files\/2018\/11\/01177436.jpg","jetpack_sharing_enabled":true,"jetpack_shortlink":"https:\/\/wp.me\/p6rrMZ-1gC","_links":{"self":[{"href":"https:\/\/blogs.gazetaesportiva.com\/michellegiannella\/wp-json\/wp\/v2\/posts\/4874","targetHints":{"allow":["GET"]}}],"collection":[{"href":"https:\/\/blogs.gazetaesportiva.com\/michellegiannella\/wp-json\/wp\/v2\/posts"}],"about":[{"href":"https:\/\/blogs.gazetaesportiva.com\/michellegiannella\/wp-json\/wp\/v2\/types\/post"}],"author":[{"embeddable":true,"href":"https:\/\/blogs.gazetaesportiva.com\/michellegiannella\/wp-json\/wp\/v2\/users\/14"}],"replies":[{"embeddable":true,"href":"https:\/\/blogs.gazetaesportiva.com\/michellegiannella\/wp-json\/wp\/v2\/comments?post=4874"}],"version-history":[{"count":0,"href":"https:\/\/blogs.gazetaesportiva.com\/michellegiannella\/wp-json\/wp\/v2\/posts\/4874\/revisions"}],"wp:featuredmedia":[{"embeddable":true,"href":"https:\/\/blogs.gazetaesportiva.com\/michellegiannella\/wp-json\/wp\/v2\/media\/4876"}],"wp:attachment":[{"href":"https:\/\/blogs.gazetaesportiva.com\/michellegiannella\/wp-json\/wp\/v2\/media?parent=4874"}],"wp:term":[{"taxonomy":"category","embeddable":true,"href":"https:\/\/blogs.gazetaesportiva.com\/michellegiannella\/wp-json\/wp\/v2\/categories?post=4874"},{"taxonomy":"post_tag","embeddable":true,"href":"https:\/\/blogs.gazetaesportiva.com\/michellegiannella\/wp-json\/wp\/v2\/tags?post=4874"}],"curies":[{"name":"wp","href":"https:\/\/api.w.org\/{rel}","templated":true}]}}