{"id":4869,"date":"2018-11-12T14:49:58","date_gmt":"2018-11-12T16:49:58","guid":{"rendered":"https:\/\/blogs.gazetaesportiva.com\/michellegiannella\/?p=4869"},"modified":"2018-11-12T15:17:13","modified_gmt":"2018-11-12T17:17:13","slug":"diretoria-acertou-na-demissao-de-aguirre","status":"publish","type":"post","link":"https:\/\/blogs.gazetaesportiva.com\/michellegiannella\/2018\/11\/12\/diretoria-acertou-na-demissao-de-aguirre\/","title":{"rendered":"Diretoria acertou na demiss\u00e3o de Aguirre"},"content":{"rendered":"<figure id=\"attachment_4871\" aria-describedby=\"caption-attachment-4871\" style=\"width: 640px\" class=\"wp-caption aligncenter\"><a href=\"https:\/\/blogs.gazetaesportiva.com\/michellegiannella\/files\/2018\/11\/01165269.jpg\"><img loading=\"lazy\" decoding=\"async\" class=\"size-large wp-image-4871\" src=\"https:\/\/blogs.gazetaesportiva.com\/michellegiannella\/files\/2018\/11\/01165269-1024x681.jpg\" alt=\"\" width=\"640\" height=\"426\" srcset=\"https:\/\/blogs.gazetaesportiva.com\/michellegiannella\/files\/2018\/11\/01165269-1024x681.jpg 1024w, https:\/\/blogs.gazetaesportiva.com\/michellegiannella\/files\/2018\/11\/01165269-300x200.jpg 300w, https:\/\/blogs.gazetaesportiva.com\/michellegiannella\/files\/2018\/11\/01165269-768x511.jpg 768w, https:\/\/blogs.gazetaesportiva.com\/michellegiannella\/files\/2018\/11\/01165269-120x80.jpg 120w\" sizes=\"auto, (max-width: 640px) 100vw, 640px\" \/><\/a><figcaption id=\"caption-attachment-4871\" class=\"wp-caption-text\">Foto: Sergio Barzaghi\/Gazeta Press<\/figcaption><\/figure>\n<p>A demiss\u00e3o do treinador Diego Aguirre pela diretoria do S\u00e3o Paulo tem gerado pol\u00eamica.<\/p>\n<p>Muitos jornalistas n\u00e3o compactuam com a decis\u00e3o da diretoria, acham que mandar embora a cinco rodadas do final do Campeonato \u00e9 apenas uma forma de transferir a culpa de uma gest\u00e3o ruim, sendo que o certo seria n\u00e3o renovar com ele para a\u00a0pr\u00f3xima temporada.<\/p>\n<p>Indo na contram\u00e3o dos meus caros colegas, concordo com a decis\u00e3o da diretoria do S\u00e3o Paulo.\u00a0 Esperar mais para qu\u00ea? O time n\u00e3o mostrava evolu\u00e7\u00e3o em campo h\u00e1 tempos. Ra\u00ed cobrou, apertou, Aguirre tentou, mas at\u00e9 o grupo dele se apartou. \u00c9 s\u00f3 ver a comemora\u00e7\u00e3o do gol do time na partida da Arena de Itaquera&#8230; Deixaram o treinador no v\u00e1cuo.<\/p>\n<p>Aguirre at\u00e9 conseguiu fazer o time render num primeiro momento, mas no segundo semestre as les\u00f5es e, principalmente, a aus\u00eancia de \u00c9verton, pesaram. Mas n\u00e3o podemos considerar apenas isso. E a evolu\u00e7\u00e3o da equipe? E a parte t\u00e1tica e t\u00e9cnica? O que pode justificar a falta de repert\u00f3rio do S\u00e3o Paulo? A falta de criatividade, de trabalho de bola, a pobreza ofensiva?<\/p>\n<p>Empatar com o time do Corinthians (que n\u00e3o vive mau momento com Jair Ventura) e ainda jogando com um homem a mais por 45 minutos, pra mim \u00e9 motivo suficiente para agradecer o treinador e tocar o barco com Andr\u00e9 Jardine. Pra que morrer abra\u00e7ado com um t\u00e9cnico que n\u00e3o tirava mais nada de bom da equipe e visivelmente n\u00e3o possu\u00eda mais o apoio do grupo?<\/p>\n<p>A diretoria acertou.<\/p>\n<p>Bola pra frente.<\/p>\n<p>Resumo de Diego Aguirre no comando do Tricolor:<\/p>\n<p>43 jogos<\/p>\n<p>19 vit\u00f3rias<\/p>\n<p>15 empates<\/p>\n<p>9 derrotas<\/p>\n<p>52 gols marcados<\/p>\n<p>36 gols sofridos<\/p>\n<p><b>Aproveitamento: 55,8%<\/b><\/p>\n","protected":false},"excerpt":{"rendered":"<p>A demiss\u00e3o do treinador Diego Aguirre pela diretoria do S\u00e3o Paulo tem gerado pol\u00eamica. Muitos jornalistas n\u00e3o compactuam com a decis\u00e3o da diretoria, acham que <a class=\"read-more\" href=\"https:\/\/blogs.gazetaesportiva.com\/michellegiannella\/2018\/11\/12\/diretoria-acertou-na-demissao-de-aguirre\/\">leia mais<\/a><\/p>\n","protected":false},"author":14,"featured_media":4871,"comment_status":"open","ping_status":"open","sticky":false,"template":"","format":"standard","meta":{"jetpack_post_was_ever_published":false,"_jetpack_newsletter_access":"","_jetpack_dont_email_post_to_subs":false,"_jetpack_newsletter_tier_id":0,"_jetpack_memberships_contains_paywalled_content":false,"_jetpack_memberships_contains_paid_content":false,"footnotes":"","jetpack_publicize_message":"","jetpack_publicize_feature_enabled":true,"jetpack_social_post_already_shared":true,"jetpack_social_options":{"image_generator_settings":{"template":"highway","default_image_id":0,"font":"","enabled":false},"version":2}},"categories":[1],"tags":[],"class_list":["post-4869","post","type-post","status-publish","format-standard","has-post-thumbnail","hentry","category-sem-categoria"],"jetpack_publicize_connections":[],"jetpack_featured_media_url":"https:\/\/blogs.gazetaesportiva.com\/michellegiannella\/files\/2018\/11\/01165269.jpg","jetpack_sharing_enabled":true,"jetpack_shortlink":"https:\/\/wp.me\/p6rrMZ-1gx","_links":{"self":[{"href":"https:\/\/blogs.gazetaesportiva.com\/michellegiannella\/wp-json\/wp\/v2\/posts\/4869","targetHints":{"allow":["GET"]}}],"collection":[{"href":"https:\/\/blogs.gazetaesportiva.com\/michellegiannella\/wp-json\/wp\/v2\/posts"}],"about":[{"href":"https:\/\/blogs.gazetaesportiva.com\/michellegiannella\/wp-json\/wp\/v2\/types\/post"}],"author":[{"embeddable":true,"href":"https:\/\/blogs.gazetaesportiva.com\/michellegiannella\/wp-json\/wp\/v2\/users\/14"}],"replies":[{"embeddable":true,"href":"https:\/\/blogs.gazetaesportiva.com\/michellegiannella\/wp-json\/wp\/v2\/comments?post=4869"}],"version-history":[{"count":0,"href":"https:\/\/blogs.gazetaesportiva.com\/michellegiannella\/wp-json\/wp\/v2\/posts\/4869\/revisions"}],"wp:featuredmedia":[{"embeddable":true,"href":"https:\/\/blogs.gazetaesportiva.com\/michellegiannella\/wp-json\/wp\/v2\/media\/4871"}],"wp:attachment":[{"href":"https:\/\/blogs.gazetaesportiva.com\/michellegiannella\/wp-json\/wp\/v2\/media?parent=4869"}],"wp:term":[{"taxonomy":"category","embeddable":true,"href":"https:\/\/blogs.gazetaesportiva.com\/michellegiannella\/wp-json\/wp\/v2\/categories?post=4869"},{"taxonomy":"post_tag","embeddable":true,"href":"https:\/\/blogs.gazetaesportiva.com\/michellegiannella\/wp-json\/wp\/v2\/tags?post=4869"}],"curies":[{"name":"wp","href":"https:\/\/api.w.org\/{rel}","templated":true}]}}