{"id":4863,"date":"2018-10-24T09:23:10","date_gmt":"2018-10-24T12:23:10","guid":{"rendered":"https:\/\/blogs.gazetaesportiva.com\/michellegiannella\/?p=4863"},"modified":"2018-10-24T09:39:08","modified_gmt":"2018-10-24T12:39:08","slug":"5-licoes-para-o-palmeiras-aprender-com-o-gremio","status":"publish","type":"post","link":"https:\/\/blogs.gazetaesportiva.com\/michellegiannella\/2018\/10\/24\/5-licoes-para-o-palmeiras-aprender-com-o-gremio\/","title":{"rendered":"5 li\u00e7\u00f5es para o Palmeiras aprender com o Gr\u00eamio"},"content":{"rendered":"<figure id=\"attachment_4865\" aria-describedby=\"caption-attachment-4865\" style=\"width: 640px\" class=\"wp-caption aligncenter\"><a href=\"https:\/\/blogs.gazetaesportiva.com\/michellegiannella\/files\/2018\/10\/000_1A9358-1024x741.jpg\"><img loading=\"lazy\" decoding=\"async\" class=\"size-large wp-image-4865\" src=\"https:\/\/blogs.gazetaesportiva.com\/michellegiannella\/files\/2018\/10\/000_1A9358-1024x741-1024x741.jpg\" alt=\"\" width=\"640\" height=\"463\" srcset=\"https:\/\/blogs.gazetaesportiva.com\/michellegiannella\/files\/2018\/10\/000_1A9358-1024x741.jpg 1024w, https:\/\/blogs.gazetaesportiva.com\/michellegiannella\/files\/2018\/10\/000_1A9358-1024x741-300x217.jpg 300w, https:\/\/blogs.gazetaesportiva.com\/michellegiannella\/files\/2018\/10\/000_1A9358-1024x741-768x556.jpg 768w\" sizes=\"auto, (max-width: 640px) 100vw, 640px\" \/><\/a><figcaption id=\"caption-attachment-4865\" class=\"wp-caption-text\">Foto: Juan Mabromata\/AFP<\/figcaption><\/figure>\n<p>1. Renato Ga\u00facho montou um time muito bem escalado mesmo sem \u00c9verton e Luan.<\/p>\n<p>2. Mais uma vez, o treinador acertou na escala\u00e7\u00e3o ao colocar Michel pra jogar. Seja intui\u00e7\u00e3o ou treino, o jovem n\u00e3o atuava h\u00e1 5 meses, entrou e marcou. O comandante gremista deu novamente uma prova de \u00f3tima gest\u00e3o na equipe.<\/p>\n<p>3. O Gr\u00eamio adotou uma escala\u00e7\u00e3o e estrat\u00e9gia defensivas, mas sem deixar de explorar, levar perigo e envolver o advers\u00e1rio. A equipe do Sul esteve muito segura n\u00e3o dando liberdade aos argentinos e segurando as jogadas r\u00e1pidas dos hermanos.<\/p>\n<p>4. O Gr\u00eamio explorou muito bem lances de bola a\u00e9rea e chutes de fora da \u00e1rea.<\/p>\n<p>5. Talvez um dos pontos mais interessantes: o Gr\u00eamio n\u00e3o criou pol\u00eamica, n\u00e3o deu um piu antes do jogo, guardou todas as suas for\u00e7as e energias para a partida, n\u00e3o irritou o advers\u00e1rio. Entendeu, Felipe Mello?<\/p>\n<p>&nbsp;<\/p>\n","protected":false},"excerpt":{"rendered":"<p>1. Renato Ga\u00facho montou um time muito bem escalado mesmo sem \u00c9verton e Luan. 2. Mais uma vez, o treinador acertou na escala\u00e7\u00e3o ao colocar <a class=\"read-more\" href=\"https:\/\/blogs.gazetaesportiva.com\/michellegiannella\/2018\/10\/24\/5-licoes-para-o-palmeiras-aprender-com-o-gremio\/\">leia mais<\/a><\/p>\n","protected":false},"author":14,"featured_media":4865,"comment_status":"open","ping_status":"open","sticky":false,"template":"","format":"standard","meta":{"jetpack_post_was_ever_published":false,"_jetpack_newsletter_access":"","_jetpack_dont_email_post_to_subs":false,"_jetpack_newsletter_tier_id":0,"_jetpack_memberships_contains_paywalled_content":false,"_jetpack_memberships_contains_paid_content":false,"footnotes":"","jetpack_publicize_message":"","jetpack_publicize_feature_enabled":true,"jetpack_social_post_already_shared":true,"jetpack_social_options":{"image_generator_settings":{"template":"highway","default_image_id":0,"font":"","enabled":false},"version":2}},"categories":[1],"tags":[],"class_list":["post-4863","post","type-post","status-publish","format-standard","has-post-thumbnail","hentry","category-sem-categoria"],"jetpack_publicize_connections":[],"jetpack_featured_media_url":"https:\/\/blogs.gazetaesportiva.com\/michellegiannella\/files\/2018\/10\/000_1A9358-1024x741.jpg","jetpack_sharing_enabled":true,"jetpack_shortlink":"https:\/\/wp.me\/p6rrMZ-1gr","_links":{"self":[{"href":"https:\/\/blogs.gazetaesportiva.com\/michellegiannella\/wp-json\/wp\/v2\/posts\/4863","targetHints":{"allow":["GET"]}}],"collection":[{"href":"https:\/\/blogs.gazetaesportiva.com\/michellegiannella\/wp-json\/wp\/v2\/posts"}],"about":[{"href":"https:\/\/blogs.gazetaesportiva.com\/michellegiannella\/wp-json\/wp\/v2\/types\/post"}],"author":[{"embeddable":true,"href":"https:\/\/blogs.gazetaesportiva.com\/michellegiannella\/wp-json\/wp\/v2\/users\/14"}],"replies":[{"embeddable":true,"href":"https:\/\/blogs.gazetaesportiva.com\/michellegiannella\/wp-json\/wp\/v2\/comments?post=4863"}],"version-history":[{"count":0,"href":"https:\/\/blogs.gazetaesportiva.com\/michellegiannella\/wp-json\/wp\/v2\/posts\/4863\/revisions"}],"wp:featuredmedia":[{"embeddable":true,"href":"https:\/\/blogs.gazetaesportiva.com\/michellegiannella\/wp-json\/wp\/v2\/media\/4865"}],"wp:attachment":[{"href":"https:\/\/blogs.gazetaesportiva.com\/michellegiannella\/wp-json\/wp\/v2\/media?parent=4863"}],"wp:term":[{"taxonomy":"category","embeddable":true,"href":"https:\/\/blogs.gazetaesportiva.com\/michellegiannella\/wp-json\/wp\/v2\/categories?post=4863"},{"taxonomy":"post_tag","embeddable":true,"href":"https:\/\/blogs.gazetaesportiva.com\/michellegiannella\/wp-json\/wp\/v2\/tags?post=4863"}],"curies":[{"name":"wp","href":"https:\/\/api.w.org\/{rel}","templated":true}]}}