{"id":4859,"date":"2018-10-17T00:49:20","date_gmt":"2018-10-17T03:49:20","guid":{"rendered":"https:\/\/blogs.gazetaesportiva.com\/michellegiannella\/?p=4859"},"modified":"2018-10-17T09:14:41","modified_gmt":"2018-10-17T12:14:41","slug":"5-razoes-para-acreditar-no-corinthians","status":"publish","type":"post","link":"https:\/\/blogs.gazetaesportiva.com\/michellegiannella\/2018\/10\/17\/5-razoes-para-acreditar-no-corinthians\/","title":{"rendered":"5 raz\u00f5es para acreditar no Corinthians!"},"content":{"rendered":"<figure id=\"attachment_4861\" aria-describedby=\"caption-attachment-4861\" style=\"width: 640px\" class=\"wp-caption aligncenter\"><a href=\"https:\/\/blogs.gazetaesportiva.com\/michellegiannella\/files\/2018\/10\/fd_corinthians_1610-1408.jpg\"><img loading=\"lazy\" decoding=\"async\" class=\"size-large wp-image-4861\" src=\"https:\/\/blogs.gazetaesportiva.com\/michellegiannella\/files\/2018\/10\/fd_corinthians_1610-1408-1024x681.jpg\" alt=\"\" width=\"640\" height=\"426\" srcset=\"https:\/\/blogs.gazetaesportiva.com\/michellegiannella\/files\/2018\/10\/fd_corinthians_1610-1408-1024x681.jpg 1024w, https:\/\/blogs.gazetaesportiva.com\/michellegiannella\/files\/2018\/10\/fd_corinthians_1610-1408-300x200.jpg 300w, https:\/\/blogs.gazetaesportiva.com\/michellegiannella\/files\/2018\/10\/fd_corinthians_1610-1408-768x511.jpg 768w, https:\/\/blogs.gazetaesportiva.com\/michellegiannella\/files\/2018\/10\/fd_corinthians_1610-1408-120x80.jpg 120w\" sizes=\"auto, (max-width: 640px) 100vw, 640px\" \/><\/a><figcaption id=\"caption-attachment-4861\" class=\"wp-caption-text\">Foto: Fernando Dantas\/Gazeta Press<\/figcaption><\/figure>\n<p>Mesmo saindo atr\u00e1s no placar e considerando isso bastante dif\u00edcil, n\u00e3o acredito que seja algo imposs\u00edvel uma vit\u00f3ria por 2 a 0 do Corinthians sobre o Cruzeiro, nesta quarta-feira, em Itaquera.<\/p>\n<p>Seguem minhas raz\u00f5es:<\/p>\n<p>1. O Corinthians quando est\u00e1 mal, cresce.<\/p>\n<p>Por mais que a situa\u00e7\u00e3o seja e esteja dif\u00edcil para o Corinthians, n\u00e3o vejo um time abatido dentro de campo. Penso que os jogadores sabem de seus limites, mas amanh\u00e3 v\u00e3o demonstrar muita ra\u00e7a e for\u00e7a em cada bola dividida.<\/p>\n<p>2. Bando de loucos<\/p>\n<p>O treino aberto, chamando a torcida, inflamando os \u00e2nimos, mostra que a equipe est\u00e1 preparada para entrar com tudo. E meu caro leitor, quem j\u00e1 presenciou o grito e a for\u00e7a da Fiel nos est\u00e1dios sabe a m\u00edstica que ela provoca. A torcida de fato \u00e9 o d\u00e9cimo segundo jogador em campo.<\/p>\n<p>3. Nova gera\u00e7\u00e3o x experi\u00eancia<\/p>\n<p>Jair Ventura entra como azar\u00e3o. \u00c9 o grande momento da carreira dele. \u00c9 hora de ir com tudo e sem medo. Mano n\u00e3o vai facilitar. At\u00e9 porque conhece muito bem a hist\u00f3ria do advers\u00e1rio.<\/p>\n<p>4. Discuss\u00e3o na comiss\u00e3o t\u00e9cnica<\/p>\n<p>Esse fato \u00a0n\u00e3o vai abalar em nada os jogadores. Isso s\u00f3 mostra que t\u00e1 todo mundo com a faca nos dentes.<\/p>\n<p>5. Danilo<\/p>\n<p>Pra mim, ele \u00e9 fundamental nesse jogo. Pela experi\u00eancia, pela vis\u00e3o que tem da partida. Toca no Danilo que ele vai resolver.<\/p>\n<p>E ai, concorda comigo? Ou acha que o Tim\u00e3o j\u00e1 deve jogar a toalha?<\/p>\n","protected":false},"excerpt":{"rendered":"<p>Mesmo saindo atr\u00e1s no placar e considerando isso bastante dif\u00edcil, n\u00e3o acredito que seja algo imposs\u00edvel uma vit\u00f3ria por 2 a 0 do Corinthians sobre <a class=\"read-more\" href=\"https:\/\/blogs.gazetaesportiva.com\/michellegiannella\/2018\/10\/17\/5-razoes-para-acreditar-no-corinthians\/\">leia mais<\/a><\/p>\n","protected":false},"author":14,"featured_media":4861,"comment_status":"open","ping_status":"open","sticky":false,"template":"","format":"standard","meta":{"jetpack_post_was_ever_published":false,"_jetpack_newsletter_access":"","_jetpack_dont_email_post_to_subs":false,"_jetpack_newsletter_tier_id":0,"_jetpack_memberships_contains_paywalled_content":false,"_jetpack_memberships_contains_paid_content":false,"footnotes":"","jetpack_publicize_message":"","jetpack_publicize_feature_enabled":true,"jetpack_social_post_already_shared":true,"jetpack_social_options":{"image_generator_settings":{"template":"highway","default_image_id":0,"font":"","enabled":false},"version":2}},"categories":[1],"tags":[],"class_list":["post-4859","post","type-post","status-publish","format-standard","has-post-thumbnail","hentry","category-sem-categoria"],"jetpack_publicize_connections":[],"jetpack_featured_media_url":"https:\/\/blogs.gazetaesportiva.com\/michellegiannella\/files\/2018\/10\/fd_corinthians_1610-1408.jpg","jetpack_sharing_enabled":true,"jetpack_shortlink":"https:\/\/wp.me\/p6rrMZ-1gn","_links":{"self":[{"href":"https:\/\/blogs.gazetaesportiva.com\/michellegiannella\/wp-json\/wp\/v2\/posts\/4859","targetHints":{"allow":["GET"]}}],"collection":[{"href":"https:\/\/blogs.gazetaesportiva.com\/michellegiannella\/wp-json\/wp\/v2\/posts"}],"about":[{"href":"https:\/\/blogs.gazetaesportiva.com\/michellegiannella\/wp-json\/wp\/v2\/types\/post"}],"author":[{"embeddable":true,"href":"https:\/\/blogs.gazetaesportiva.com\/michellegiannella\/wp-json\/wp\/v2\/users\/14"}],"replies":[{"embeddable":true,"href":"https:\/\/blogs.gazetaesportiva.com\/michellegiannella\/wp-json\/wp\/v2\/comments?post=4859"}],"version-history":[{"count":0,"href":"https:\/\/blogs.gazetaesportiva.com\/michellegiannella\/wp-json\/wp\/v2\/posts\/4859\/revisions"}],"wp:featuredmedia":[{"embeddable":true,"href":"https:\/\/blogs.gazetaesportiva.com\/michellegiannella\/wp-json\/wp\/v2\/media\/4861"}],"wp:attachment":[{"href":"https:\/\/blogs.gazetaesportiva.com\/michellegiannella\/wp-json\/wp\/v2\/media?parent=4859"}],"wp:term":[{"taxonomy":"category","embeddable":true,"href":"https:\/\/blogs.gazetaesportiva.com\/michellegiannella\/wp-json\/wp\/v2\/categories?post=4859"},{"taxonomy":"post_tag","embeddable":true,"href":"https:\/\/blogs.gazetaesportiva.com\/michellegiannella\/wp-json\/wp\/v2\/tags?post=4859"}],"curies":[{"name":"wp","href":"https:\/\/api.w.org\/{rel}","templated":true}]}}