{"id":4855,"date":"2018-10-07T21:33:50","date_gmt":"2018-10-08T00:33:50","guid":{"rendered":"https:\/\/blogs.gazetaesportiva.com\/michellegiannella\/?p=4855"},"modified":"2018-10-07T21:37:58","modified_gmt":"2018-10-08T00:37:58","slug":"o-sao-paulo-ainda-tem-bola-pra-ser-campeao","status":"publish","type":"post","link":"https:\/\/blogs.gazetaesportiva.com\/michellegiannella\/2018\/10\/07\/o-sao-paulo-ainda-tem-bola-pra-ser-campeao\/","title":{"rendered":"O S\u00e3o Paulo ainda tem bola pra ser campe\u00e3o?"},"content":{"rendered":"<figure id=\"attachment_4857\" aria-describedby=\"caption-attachment-4857\" style=\"width: 1024px\" class=\"wp-caption aligncenter\"><a href=\"https:\/\/blogs.gazetaesportiva.com\/michellegiannella\/files\/2018\/10\/fd_spxpal_0610-1055-1024x681.jpg\"><img loading=\"lazy\" decoding=\"async\" class=\"size-full wp-image-4857\" src=\"https:\/\/blogs.gazetaesportiva.com\/michellegiannella\/files\/2018\/10\/fd_spxpal_0610-1055-1024x681.jpg\" alt=\"\" width=\"1024\" height=\"681\" srcset=\"https:\/\/blogs.gazetaesportiva.com\/michellegiannella\/files\/2018\/10\/fd_spxpal_0610-1055-1024x681.jpg 1024w, https:\/\/blogs.gazetaesportiva.com\/michellegiannella\/files\/2018\/10\/fd_spxpal_0610-1055-1024x681-300x200.jpg 300w, https:\/\/blogs.gazetaesportiva.com\/michellegiannella\/files\/2018\/10\/fd_spxpal_0610-1055-1024x681-768x511.jpg 768w, https:\/\/blogs.gazetaesportiva.com\/michellegiannella\/files\/2018\/10\/fd_spxpal_0610-1055-1024x681-120x80.jpg 120w\" sizes=\"auto, (max-width: 1024px) 100vw, 1024px\" \/><\/a><figcaption id=\"caption-attachment-4857\" class=\"wp-caption-text\">Foto: Fernando Dantas\/Gazeta Press<\/figcaption><\/figure>\n<p>Que situa\u00e7\u00e3o a do Tricolor meus caros leitores&#8230; O torcedor que outrora estava t\u00e3o confiante no t\u00edtulo, j\u00e1 come\u00e7a a sentir a \u00e1gua escorrer pelas m\u00e3os.<\/p>\n<p>Nos meus palpites dos blogueiros antes do jogo, escrevi o seguinte: <strong>&#8220;O jogo do ano para o S\u00e3o Paulo. Aguirre n\u00e3o ter\u00e1 desculpas e precisa da vit\u00f3ria. O t\u00e9cnico ter\u00e1 todo o elenco \u00e0 disposi\u00e7\u00e3o, inclusive contar\u00e1 com a volta de \u00c9verton que faz toda a diferen\u00e7a. Morumbi lotado, press\u00e3o e, mesmo assim, acho que d\u00e1 Palmeiras.&#8221; <\/strong><\/p>\n<p>N\u00e3o sou bidu, mas consigo fazer uma leitura do time do Morumbi que nos \u00faltimos sete jogados vem atuando mal. Enquanto isso, o Palmeiras vem mostrando cada vez mais confian\u00e7a e qualidade em campo.<\/p>\n<p>O S\u00e3o Paulo depende muito de Diego Souza e Nen\u00ea, isso pesa. No futebol atual, cada vez mais o conjunto entrosado e forte faz a diferen\u00e7a.<\/p>\n<p>A torcida vaiou e tem direito de vaiar sim. Se eu pago para ir a um jogo e n\u00e3o gosto, tenho todo direito de me manifestar. Mas n\u00e3o concordo com a parte da torcida que chamou o Aguirre de burro. Ali, no calor do jogo, ele pode ter uma vis\u00e3o diferente das demais pessoas.<\/p>\n<p>O fato \u00e9 que o placar foi 2 a 0, mas poderia ter sido ainda maior.<\/p>\n<p>Matematicamente as chances continuam para o time ser campe\u00e3o, mas o momento \u00e9 do Palmeiras. Pra mim, pintou o campe\u00e3o. E pra voc\u00ea?<\/p>\n","protected":false},"excerpt":{"rendered":"<p>Que situa\u00e7\u00e3o a do Tricolor meus caros leitores&#8230; O torcedor que outrora estava t\u00e3o confiante no t\u00edtulo, j\u00e1 come\u00e7a a sentir a \u00e1gua escorrer pelas <a class=\"read-more\" href=\"https:\/\/blogs.gazetaesportiva.com\/michellegiannella\/2018\/10\/07\/o-sao-paulo-ainda-tem-bola-pra-ser-campeao\/\">leia mais<\/a><\/p>\n","protected":false},"author":14,"featured_media":4857,"comment_status":"open","ping_status":"open","sticky":false,"template":"","format":"standard","meta":{"jetpack_post_was_ever_published":false,"_jetpack_newsletter_access":"","_jetpack_dont_email_post_to_subs":false,"_jetpack_newsletter_tier_id":0,"_jetpack_memberships_contains_paywalled_content":false,"_jetpack_memberships_contains_paid_content":false,"footnotes":"","jetpack_publicize_message":"","jetpack_publicize_feature_enabled":true,"jetpack_social_post_already_shared":true,"jetpack_social_options":{"image_generator_settings":{"template":"highway","default_image_id":0,"font":"","enabled":false},"version":2}},"categories":[1],"tags":[],"class_list":["post-4855","post","type-post","status-publish","format-standard","has-post-thumbnail","hentry","category-sem-categoria"],"jetpack_publicize_connections":[],"jetpack_featured_media_url":"https:\/\/blogs.gazetaesportiva.com\/michellegiannella\/files\/2018\/10\/fd_spxpal_0610-1055-1024x681.jpg","jetpack_sharing_enabled":true,"jetpack_shortlink":"https:\/\/wp.me\/p6rrMZ-1gj","_links":{"self":[{"href":"https:\/\/blogs.gazetaesportiva.com\/michellegiannella\/wp-json\/wp\/v2\/posts\/4855","targetHints":{"allow":["GET"]}}],"collection":[{"href":"https:\/\/blogs.gazetaesportiva.com\/michellegiannella\/wp-json\/wp\/v2\/posts"}],"about":[{"href":"https:\/\/blogs.gazetaesportiva.com\/michellegiannella\/wp-json\/wp\/v2\/types\/post"}],"author":[{"embeddable":true,"href":"https:\/\/blogs.gazetaesportiva.com\/michellegiannella\/wp-json\/wp\/v2\/users\/14"}],"replies":[{"embeddable":true,"href":"https:\/\/blogs.gazetaesportiva.com\/michellegiannella\/wp-json\/wp\/v2\/comments?post=4855"}],"version-history":[{"count":0,"href":"https:\/\/blogs.gazetaesportiva.com\/michellegiannella\/wp-json\/wp\/v2\/posts\/4855\/revisions"}],"wp:featuredmedia":[{"embeddable":true,"href":"https:\/\/blogs.gazetaesportiva.com\/michellegiannella\/wp-json\/wp\/v2\/media\/4857"}],"wp:attachment":[{"href":"https:\/\/blogs.gazetaesportiva.com\/michellegiannella\/wp-json\/wp\/v2\/media?parent=4855"}],"wp:term":[{"taxonomy":"category","embeddable":true,"href":"https:\/\/blogs.gazetaesportiva.com\/michellegiannella\/wp-json\/wp\/v2\/categories?post=4855"},{"taxonomy":"post_tag","embeddable":true,"href":"https:\/\/blogs.gazetaesportiva.com\/michellegiannella\/wp-json\/wp\/v2\/tags?post=4855"}],"curies":[{"name":"wp","href":"https:\/\/api.w.org\/{rel}","templated":true}]}}