{"id":4849,"date":"2018-09-27T15:38:30","date_gmt":"2018-09-27T18:38:30","guid":{"rendered":"https:\/\/blogs.gazetaesportiva.com\/michellegiannella\/?p=4849"},"modified":"2018-09-27T15:57:16","modified_gmt":"2018-09-27T18:57:16","slug":"que-fase-palmeiras","status":"publish","type":"post","link":"https:\/\/blogs.gazetaesportiva.com\/michellegiannella\/2018\/09\/27\/que-fase-palmeiras\/","title":{"rendered":"Que fase, Palmeiras!"},"content":{"rendered":"<figure id=\"attachment_4853\" aria-describedby=\"caption-attachment-4853\" style=\"width: 1024px\" class=\"wp-caption aligncenter\"><a href=\"https:\/\/blogs.gazetaesportiva.com\/michellegiannella\/files\/2018\/09\/gazeta-press-foto-1156621-1024x682.jpg\"><img loading=\"lazy\" decoding=\"async\" class=\"size-full wp-image-4853\" src=\"https:\/\/blogs.gazetaesportiva.com\/michellegiannella\/files\/2018\/09\/gazeta-press-foto-1156621-1024x682.jpg\" alt=\"\" width=\"1024\" height=\"682\" srcset=\"https:\/\/blogs.gazetaesportiva.com\/michellegiannella\/files\/2018\/09\/gazeta-press-foto-1156621-1024x682.jpg 1024w, https:\/\/blogs.gazetaesportiva.com\/michellegiannella\/files\/2018\/09\/gazeta-press-foto-1156621-1024x682-300x200.jpg 300w, https:\/\/blogs.gazetaesportiva.com\/michellegiannella\/files\/2018\/09\/gazeta-press-foto-1156621-1024x682-768x512.jpg 768w, https:\/\/blogs.gazetaesportiva.com\/michellegiannella\/files\/2018\/09\/gazeta-press-foto-1156621-1024x682-120x80.jpg 120w\" sizes=\"auto, (max-width: 1024px) 100vw, 1024px\" \/><\/a><figcaption id=\"caption-attachment-4853\" class=\"wp-caption-text\">Foto: Sergio Barzaghi\/Gazeta Press<\/figcaption><\/figure>\n<p>\u00c9 inacredit\u00e1vel ver um elenco como o do Palmeiras nadar, nadar e morrer na praia.<\/p>\n<p>Investimento, \u00f3timos profissionais, um treinador renomado que sabe domar estrelas, mas est\u00e1 eliminado da Copa do Brasil!<\/p>\n<p>Claro que n\u00e3o era f\u00e1cil. Tinha perdido o primeiro jogo em casa, mas n\u00e3o era imposs\u00edvel.<\/p>\n<p>O que falta ao Palmeiras?<\/p>\n<p>Elenco e treinador n\u00e3o s\u00e3o problema.\u00a0 Investimento? Claro que n\u00e3o!<\/p>\n<p>Poder ofensivo? Agressividade dentro de campo? Criatividade? Futebol moleque? Ra\u00e7a? Sorte?<\/p>\n<p class=\"selectionShareable\">Felip\u00e3o errou em algumas substitui\u00e7\u00f5es. N\u00e3o gostei da entrada de Jean, por exemplo, mas agora j\u00e1 foi.<\/p>\n<p>O leite ferveu, ainda n\u00e3o est\u00e1 derramado.<\/p>\n<p>O Palmeiras precisa vencer algum campeonato este ano para n\u00e3o ser um mico.<\/p>\n<p>O arquirrival Corinthians, com um elenco limitad\u00edssimo, conseguiu passar pelo Flamengo. Se for campe\u00e3o, haja paci\u00eancia e est\u00f4mago pra tanta zoa\u00e7\u00e3o em cima do pobre Verd\u00e3o.<\/p>\n","protected":false},"excerpt":{"rendered":"<p>\u00c9 inacredit\u00e1vel ver um elenco como o do Palmeiras nadar, nadar e morrer na praia. Investimento, \u00f3timos profissionais, um treinador renomado que sabe domar estrelas, <a class=\"read-more\" href=\"https:\/\/blogs.gazetaesportiva.com\/michellegiannella\/2018\/09\/27\/que-fase-palmeiras\/\">leia mais<\/a><\/p>\n","protected":false},"author":14,"featured_media":4853,"comment_status":"open","ping_status":"open","sticky":false,"template":"","format":"standard","meta":{"jetpack_post_was_ever_published":false,"_jetpack_newsletter_access":"","_jetpack_dont_email_post_to_subs":false,"_jetpack_newsletter_tier_id":0,"_jetpack_memberships_contains_paywalled_content":false,"_jetpack_memberships_contains_paid_content":false,"footnotes":"","jetpack_publicize_message":"","jetpack_publicize_feature_enabled":true,"jetpack_social_post_already_shared":true,"jetpack_social_options":{"image_generator_settings":{"template":"highway","default_image_id":0,"font":"","enabled":false},"version":2}},"categories":[1],"tags":[],"class_list":["post-4849","post","type-post","status-publish","format-standard","has-post-thumbnail","hentry","category-sem-categoria"],"jetpack_publicize_connections":[],"jetpack_featured_media_url":"https:\/\/blogs.gazetaesportiva.com\/michellegiannella\/files\/2018\/09\/gazeta-press-foto-1156621-1024x682.jpg","jetpack_sharing_enabled":true,"jetpack_shortlink":"https:\/\/wp.me\/p6rrMZ-1gd","_links":{"self":[{"href":"https:\/\/blogs.gazetaesportiva.com\/michellegiannella\/wp-json\/wp\/v2\/posts\/4849","targetHints":{"allow":["GET"]}}],"collection":[{"href":"https:\/\/blogs.gazetaesportiva.com\/michellegiannella\/wp-json\/wp\/v2\/posts"}],"about":[{"href":"https:\/\/blogs.gazetaesportiva.com\/michellegiannella\/wp-json\/wp\/v2\/types\/post"}],"author":[{"embeddable":true,"href":"https:\/\/blogs.gazetaesportiva.com\/michellegiannella\/wp-json\/wp\/v2\/users\/14"}],"replies":[{"embeddable":true,"href":"https:\/\/blogs.gazetaesportiva.com\/michellegiannella\/wp-json\/wp\/v2\/comments?post=4849"}],"version-history":[{"count":0,"href":"https:\/\/blogs.gazetaesportiva.com\/michellegiannella\/wp-json\/wp\/v2\/posts\/4849\/revisions"}],"wp:featuredmedia":[{"embeddable":true,"href":"https:\/\/blogs.gazetaesportiva.com\/michellegiannella\/wp-json\/wp\/v2\/media\/4853"}],"wp:attachment":[{"href":"https:\/\/blogs.gazetaesportiva.com\/michellegiannella\/wp-json\/wp\/v2\/media?parent=4849"}],"wp:term":[{"taxonomy":"category","embeddable":true,"href":"https:\/\/blogs.gazetaesportiva.com\/michellegiannella\/wp-json\/wp\/v2\/categories?post=4849"},{"taxonomy":"post_tag","embeddable":true,"href":"https:\/\/blogs.gazetaesportiva.com\/michellegiannella\/wp-json\/wp\/v2\/tags?post=4849"}],"curies":[{"name":"wp","href":"https:\/\/api.w.org\/{rel}","templated":true}]}}