{"id":4841,"date":"2018-08-31T16:31:59","date_gmt":"2018-08-31T19:31:59","guid":{"rendered":"https:\/\/blogs.gazetaesportiva.com\/michellegiannella\/?p=4841"},"modified":"2018-08-31T17:10:58","modified_gmt":"2018-08-31T20:10:58","slug":"felipe-melo-nao-merece-o-palmeiras","status":"publish","type":"post","link":"https:\/\/blogs.gazetaesportiva.com\/michellegiannella\/2018\/08\/31\/felipe-melo-nao-merece-o-palmeiras\/","title":{"rendered":"Felipe Melo n\u00e3o merece o Palmeiras"},"content":{"rendered":"<figure id=\"attachment_4844\" aria-describedby=\"caption-attachment-4844\" style=\"width: 1100px\" class=\"wp-caption aligncenter\"><a href=\"https:\/\/blogs.gazetaesportiva.com\/michellegiannella\/files\/2018\/08\/melou52.jpg\"><img loading=\"lazy\" decoding=\"async\" class=\"size-full wp-image-4844\" src=\"https:\/\/blogs.gazetaesportiva.com\/michellegiannella\/files\/2018\/08\/melou52.jpg\" alt=\"\" width=\"1100\" height=\"567\" srcset=\"https:\/\/blogs.gazetaesportiva.com\/michellegiannella\/files\/2018\/08\/melou52.jpg 1100w, https:\/\/blogs.gazetaesportiva.com\/michellegiannella\/files\/2018\/08\/melou52-300x155.jpg 300w, https:\/\/blogs.gazetaesportiva.com\/michellegiannella\/files\/2018\/08\/melou52-768x396.jpg 768w, https:\/\/blogs.gazetaesportiva.com\/michellegiannella\/files\/2018\/08\/melou52-1024x528.jpg 1024w\" sizes=\"auto, (max-width: 1100px) 100vw, 1100px\" \/><\/a><figcaption id=\"caption-attachment-4844\" class=\"wp-caption-text\">Foto: Fernando Dantas\/Gazeta Press<\/figcaption><\/figure>\n<p class=\"selectionShareable\">O que foi a expuls\u00e3o de Felipe Melo logo aos tr\u00eas minutos de jogo nesta quinta feira?<\/p>\n<p>A entrada que ele deu no jogador paraguaio foi absurda, desnecess\u00e1ria, violenta e incab\u00edvel para um atleta que atua numa equipe do tamanho do Palmeiras.<\/p>\n<p>Eu n\u00e3o gosto de reclamar de jogador ou ficar descendo a lenha, mas neste caso me sinto muito \u00e0 vontade porque j\u00e1 defendi o pr\u00f3prio Felipe Mello em diversas outras ocasi\u00f5es, inclusive ao vivo no programa Gazeta Esportiva. Costumava admirar sua garra, for\u00e7a de vontade, lideran\u00e7a, mas isso acabou.<\/p>\n<p>Se olharmos a lista de confus\u00f5es em que o clube se meteu por causa dele, d\u00e1 pra perceber que talvez n\u00e3o valha a pena mais para o Palmeiras se expor tanto ao manter um atleta deste tipo em seu elenco.<\/p>\n<p>Lembrem comigo:<\/p>\n<p>1 Ele disse que ia meter a m\u00e3o na cara de jogador uruguaio, se necess\u00e1rio. (Defendi o atleta nesta ocasi\u00e3o porque achei que mostrava personalidade e na verdade se tratava apenas de coisas do futebol, para apimentar o jogo&#8230;)<\/p>\n<p>2 Quando aconteceu a partida l\u00e1 no Uruguai, deu um soco na cara do jogador&#8230; (defendi o Felipe porque achei que ele estava se defendendo)<\/p>\n<p>3 Rachou o elenco com aquele \u00e1udio em que xingava o Cuca&#8230;<\/p>\n<p>4 Brigou com um integrante da comiss\u00e3o t\u00e9cnica.<\/p>\n<p>5 Se desentendeu com Clayson e foi expulso na final do Paulist\u00e3o prejudicando o time.<\/p>\n<p>Deixei outras pol\u00eamicas de lado, mas essas s\u00e3o as que envolvem diretamente seu trabalho dentro de campo.<\/p>\n<p>E voc\u00ea, o que acha? O espa\u00e7o \u00e9 seu&#8230;<\/p>\n","protected":false},"excerpt":{"rendered":"<p>O que foi a expuls\u00e3o de Felipe Melo logo aos tr\u00eas minutos de jogo nesta quinta feira? A entrada que ele deu no jogador paraguaio <a class=\"read-more\" href=\"https:\/\/blogs.gazetaesportiva.com\/michellegiannella\/2018\/08\/31\/felipe-melo-nao-merece-o-palmeiras\/\">leia mais<\/a><\/p>\n","protected":false},"author":14,"featured_media":4844,"comment_status":"open","ping_status":"open","sticky":false,"template":"","format":"standard","meta":{"jetpack_post_was_ever_published":false,"_jetpack_newsletter_access":"","_jetpack_dont_email_post_to_subs":false,"_jetpack_newsletter_tier_id":0,"_jetpack_memberships_contains_paywalled_content":false,"_jetpack_memberships_contains_paid_content":false,"footnotes":"","jetpack_publicize_message":"","jetpack_publicize_feature_enabled":true,"jetpack_social_post_already_shared":true,"jetpack_social_options":{"image_generator_settings":{"template":"highway","default_image_id":0,"font":"","enabled":false},"version":2}},"categories":[1],"tags":[],"class_list":["post-4841","post","type-post","status-publish","format-standard","has-post-thumbnail","hentry","category-sem-categoria"],"jetpack_publicize_connections":[],"jetpack_featured_media_url":"https:\/\/blogs.gazetaesportiva.com\/michellegiannella\/files\/2018\/08\/melou52.jpg","jetpack_sharing_enabled":true,"jetpack_shortlink":"https:\/\/wp.me\/p6rrMZ-1g5","_links":{"self":[{"href":"https:\/\/blogs.gazetaesportiva.com\/michellegiannella\/wp-json\/wp\/v2\/posts\/4841","targetHints":{"allow":["GET"]}}],"collection":[{"href":"https:\/\/blogs.gazetaesportiva.com\/michellegiannella\/wp-json\/wp\/v2\/posts"}],"about":[{"href":"https:\/\/blogs.gazetaesportiva.com\/michellegiannella\/wp-json\/wp\/v2\/types\/post"}],"author":[{"embeddable":true,"href":"https:\/\/blogs.gazetaesportiva.com\/michellegiannella\/wp-json\/wp\/v2\/users\/14"}],"replies":[{"embeddable":true,"href":"https:\/\/blogs.gazetaesportiva.com\/michellegiannella\/wp-json\/wp\/v2\/comments?post=4841"}],"version-history":[{"count":0,"href":"https:\/\/blogs.gazetaesportiva.com\/michellegiannella\/wp-json\/wp\/v2\/posts\/4841\/revisions"}],"wp:featuredmedia":[{"embeddable":true,"href":"https:\/\/blogs.gazetaesportiva.com\/michellegiannella\/wp-json\/wp\/v2\/media\/4844"}],"wp:attachment":[{"href":"https:\/\/blogs.gazetaesportiva.com\/michellegiannella\/wp-json\/wp\/v2\/media?parent=4841"}],"wp:term":[{"taxonomy":"category","embeddable":true,"href":"https:\/\/blogs.gazetaesportiva.com\/michellegiannella\/wp-json\/wp\/v2\/categories?post=4841"},{"taxonomy":"post_tag","embeddable":true,"href":"https:\/\/blogs.gazetaesportiva.com\/michellegiannella\/wp-json\/wp\/v2\/tags?post=4841"}],"curies":[{"name":"wp","href":"https:\/\/api.w.org\/{rel}","templated":true}]}}