{"id":4838,"date":"2018-08-29T15:59:50","date_gmt":"2018-08-29T18:59:50","guid":{"rendered":"https:\/\/blogs.gazetaesportiva.com\/michellegiannella\/?p=4838"},"modified":"2018-08-31T16:17:45","modified_gmt":"2018-08-31T19:17:45","slug":"adeus-miss-corinthians","status":"publish","type":"post","link":"https:\/\/blogs.gazetaesportiva.com\/michellegiannella\/2018\/08\/29\/adeus-miss-corinthians\/","title":{"rendered":"Adeus miss Corinthians"},"content":{"rendered":"<p><img loading=\"lazy\" decoding=\"async\" class=\"aligncenter size-full wp-image-4839\" src=\"https:\/\/blogs.gazetaesportiva.com\/michellegiannella\/files\/2018\/08\/bl7.jpg\" alt=\"\" width=\"390\" height=\"290\" srcset=\"https:\/\/blogs.gazetaesportiva.com\/michellegiannella\/files\/2018\/08\/bl7.jpg 390w, https:\/\/blogs.gazetaesportiva.com\/michellegiannella\/files\/2018\/08\/bl7-300x223.jpg 300w, https:\/\/blogs.gazetaesportiva.com\/michellegiannella\/files\/2018\/08\/bl7-160x120.jpg 160w\" sizes=\"auto, (max-width: 390px) 100vw, 390px\" \/><\/p>\n<p>Dia 29 de agosto de 2018.<\/p>\n<p>L\u00e1 foi ela, a minha eterna miss Corinthians para o c\u00e9u.<\/p>\n<p>Apaixonada pelo time de Parque S\u00e3o Jorge, Shirley Rosinha, a eterna miss Corinthians que saiu na revista do clube l\u00e1 pelos idos da d\u00e9cada de 50 e fez sucesso por sua beleza nas piscinas do Coring\u00e3o, encerrou sua jornada aqui na Terra.<\/p>\n<p>Tinha orgulho do time e da revista, mas quando se casou, meu av\u00f4, com ci\u00fame jogou a revista fora. Ele era palmeirense. Vov\u00f3 trabalhou como professora do Estado por 50 anos. Sempre disseram, desde que eu era bem pequenininha, &#8220;essa menina \u00e9 a x\u00e9rox da vov\u00f3.&#8221;<\/p>\n<p>Aos 82 anos, os olhos azuis, o cora\u00e7\u00e3o apaixonado pelo Tim\u00e3o, a alma alegre\u00a0e jovem nos deixou.<\/p>\n<p>Que dor&#8230; que saudade&#8230; vejo ela em cada canto da minha casa, em cada momento da minha hist\u00f3ria&#8230;<\/p>\n<p>Ela me ensinou a paix\u00e3o pelo futebol.<\/p>\n<p>Ela me fez assistir o programa Gazeta Esportiva pela primeira vez quando eu tinha uns 16 anos e ainda era no hor\u00e1rio do almo\u00e7o com a incr\u00edvel dupla Roberto Avallone e Chico Lang.<\/p>\n<p>Voa vov\u00f3. Voa. O cora\u00e7\u00e3o fica partido, mas logo a gente vai se encontrar.<\/p>\n<p>Te amo pra todo o sempre.<\/p>\n<p>(Essa foto foi tirada na primeira edi\u00e7\u00e3o do TROF\u00c9U MESA REDONDA, h\u00e1 15 anos. Minha f\u00e3 n\u00famero 1&#8230; mal sabia ela que eu era a f\u00e3 n\u00famero 1 dela.)<\/p>\n<p>&nbsp;<\/p>\n","protected":false},"excerpt":{"rendered":"<p>Dia 29 de agosto de 2018. L\u00e1 foi ela, a minha eterna miss Corinthians para o c\u00e9u. Apaixonada pelo time de Parque S\u00e3o Jorge, Shirley <a class=\"read-more\" href=\"https:\/\/blogs.gazetaesportiva.com\/michellegiannella\/2018\/08\/29\/adeus-miss-corinthians\/\">leia mais<\/a><\/p>\n","protected":false},"author":14,"featured_media":4839,"comment_status":"open","ping_status":"open","sticky":false,"template":"","format":"standard","meta":{"jetpack_post_was_ever_published":false,"_jetpack_newsletter_access":"","_jetpack_dont_email_post_to_subs":false,"_jetpack_newsletter_tier_id":0,"_jetpack_memberships_contains_paywalled_content":false,"_jetpack_memberships_contains_paid_content":false,"footnotes":"","jetpack_publicize_message":"","jetpack_publicize_feature_enabled":true,"jetpack_social_post_already_shared":true,"jetpack_social_options":{"image_generator_settings":{"template":"highway","default_image_id":0,"font":"","enabled":false},"version":2}},"categories":[1],"tags":[],"class_list":["post-4838","post","type-post","status-publish","format-standard","has-post-thumbnail","hentry","category-sem-categoria"],"jetpack_publicize_connections":[],"jetpack_featured_media_url":"https:\/\/blogs.gazetaesportiva.com\/michellegiannella\/files\/2018\/08\/bl7.jpg","jetpack_sharing_enabled":true,"jetpack_shortlink":"https:\/\/wp.me\/p6rrMZ-1g2","_links":{"self":[{"href":"https:\/\/blogs.gazetaesportiva.com\/michellegiannella\/wp-json\/wp\/v2\/posts\/4838","targetHints":{"allow":["GET"]}}],"collection":[{"href":"https:\/\/blogs.gazetaesportiva.com\/michellegiannella\/wp-json\/wp\/v2\/posts"}],"about":[{"href":"https:\/\/blogs.gazetaesportiva.com\/michellegiannella\/wp-json\/wp\/v2\/types\/post"}],"author":[{"embeddable":true,"href":"https:\/\/blogs.gazetaesportiva.com\/michellegiannella\/wp-json\/wp\/v2\/users\/14"}],"replies":[{"embeddable":true,"href":"https:\/\/blogs.gazetaesportiva.com\/michellegiannella\/wp-json\/wp\/v2\/comments?post=4838"}],"version-history":[{"count":0,"href":"https:\/\/blogs.gazetaesportiva.com\/michellegiannella\/wp-json\/wp\/v2\/posts\/4838\/revisions"}],"wp:featuredmedia":[{"embeddable":true,"href":"https:\/\/blogs.gazetaesportiva.com\/michellegiannella\/wp-json\/wp\/v2\/media\/4839"}],"wp:attachment":[{"href":"https:\/\/blogs.gazetaesportiva.com\/michellegiannella\/wp-json\/wp\/v2\/media?parent=4838"}],"wp:term":[{"taxonomy":"category","embeddable":true,"href":"https:\/\/blogs.gazetaesportiva.com\/michellegiannella\/wp-json\/wp\/v2\/categories?post=4838"},{"taxonomy":"post_tag","embeddable":true,"href":"https:\/\/blogs.gazetaesportiva.com\/michellegiannella\/wp-json\/wp\/v2\/tags?post=4838"}],"curies":[{"name":"wp","href":"https:\/\/api.w.org\/{rel}","templated":true}]}}