{"id":4834,"date":"2018-08-06T15:22:24","date_gmt":"2018-08-06T18:22:24","guid":{"rendered":"https:\/\/blogs.gazetaesportiva.com\/michellegiannella\/?p=4834"},"modified":"2018-08-06T15:58:26","modified_gmt":"2018-08-06T18:58:26","slug":"5-razoes-para-acreditar-em-felipao-no-palmeiras","status":"publish","type":"post","link":"https:\/\/blogs.gazetaesportiva.com\/michellegiannella\/2018\/08\/06\/5-razoes-para-acreditar-em-felipao-no-palmeiras\/","title":{"rendered":"5 raz\u00f5es para acreditar em Felip\u00e3o no Palmeiras"},"content":{"rendered":"<figure id=\"attachment_4836\" aria-describedby=\"caption-attachment-4836\" style=\"width: 640px\" class=\"wp-caption aligncenter\"><a href=\"https:\/\/blogs.gazetaesportiva.com\/michellegiannella\/files\/2018\/08\/30017424078_00228c1344_o.jpg\"><img loading=\"lazy\" decoding=\"async\" class=\"wp-image-4836 size-large\" src=\"https:\/\/blogs.gazetaesportiva.com\/michellegiannella\/files\/2018\/08\/30017424078_00228c1344_o-1024x632.jpg\" alt=\"\" width=\"640\" height=\"395\" srcset=\"https:\/\/blogs.gazetaesportiva.com\/michellegiannella\/files\/2018\/08\/30017424078_00228c1344_o-1024x632.jpg 1024w, https:\/\/blogs.gazetaesportiva.com\/michellegiannella\/files\/2018\/08\/30017424078_00228c1344_o-300x185.jpg 300w, https:\/\/blogs.gazetaesportiva.com\/michellegiannella\/files\/2018\/08\/30017424078_00228c1344_o-768x474.jpg 768w, https:\/\/blogs.gazetaesportiva.com\/michellegiannella\/files\/2018\/08\/30017424078_00228c1344_o.jpg 1500w\" sizes=\"auto, (max-width: 640px) 100vw, 640px\" \/><\/a><figcaption id=\"caption-attachment-4836\" class=\"wp-caption-text\">Foto: Cesar Greco\/SEP<\/figcaption><\/figure>\n<p>O Palmeiras assumiu um risco ao demitir Roger Machado e trazer Felip\u00e3o de volta pra casa. Se quisessem demitir o Roger, que o fizessem antes a pausa da Copa do Mundo, assim pelo menos o time e o novo t\u00e9cnico teriam mais tempo para se entrosar. No entanto, no futebol, n\u00e3o adianta buscarmos sentido para as coisas.\u00a0A dire\u00e7\u00e3o interveio porque achou que o time estava entrando num momento de queda, de falta de rea\u00e7\u00e3o em campo e Felip\u00e3o seria o incentivo que a equipe precisa.<\/p>\n<p>Felip\u00e3o chega motivado, ficou emocionado com o convite. Mas vai precisar, al\u00e9m da motiva\u00e7\u00e3o, encantar os jogadores para que consigam corresponder em campo e trazer trof\u00e9us ao clube alviverde.<\/p>\n<p>Abaixo listo 5 raz\u00f5es para acreditar no trabalho de Luiz Felipe Scolari no Palmeiras:<\/p>\n<ol>\n<li>Felip\u00e3o imp\u00f5e respeito. Nenhum jogador vai ser louco de peitar ou contar bolinho com o xerif\u00e3o Scolari.<\/li>\n<li>Felip\u00e3o sabe lidar bem com estrelas. J\u00e1 treinou Ronaldo, Ronaldinho Ga\u00facho, Kak\u00e1, isso sem falar no mito Cristiano Ronaldo, quando atuou como treinador pela sele\u00e7\u00e3o portuguesa.<\/li>\n<li>Felip\u00e3o consegue lidar bem com a press\u00e3o. Nem preciso explicar este item, certo?<\/li>\n<li>Felip\u00e3o tem carisma. Ao mesmo tempo em que tem aquela cara de bravo, consegue ter uma fala mansa e um jeito de paiz\u00e3o dando bronca que todo mundo ama.<\/li>\n<li>Felip\u00e3o \u00e9 a cara do Palmeiras e tem identidade com o time, j\u00e1 conquistou 4 t\u00edtulos importantes pelo clube e chega com moral.<\/li>\n<\/ol>\n<p>Boa sorte, Felip\u00e3o! Estou torcendo por voc\u00ea.<\/p>\n<p>&nbsp;<\/p>\n<p>&nbsp;<\/p>\n","protected":false},"excerpt":{"rendered":"<p>O Palmeiras assumiu um risco ao demitir Roger Machado e trazer Felip\u00e3o de volta pra casa. Se quisessem demitir o Roger, que o fizessem antes <a class=\"read-more\" href=\"https:\/\/blogs.gazetaesportiva.com\/michellegiannella\/2018\/08\/06\/5-razoes-para-acreditar-em-felipao-no-palmeiras\/\">leia mais<\/a><\/p>\n","protected":false},"author":14,"featured_media":4836,"comment_status":"open","ping_status":"open","sticky":false,"template":"","format":"standard","meta":{"jetpack_post_was_ever_published":false,"_jetpack_newsletter_access":"","_jetpack_dont_email_post_to_subs":false,"_jetpack_newsletter_tier_id":0,"_jetpack_memberships_contains_paywalled_content":false,"_jetpack_memberships_contains_paid_content":false,"footnotes":"","jetpack_publicize_message":"","jetpack_publicize_feature_enabled":true,"jetpack_social_post_already_shared":true,"jetpack_social_options":{"image_generator_settings":{"template":"highway","default_image_id":0,"font":"","enabled":false},"version":2}},"categories":[1],"tags":[],"class_list":["post-4834","post","type-post","status-publish","format-standard","has-post-thumbnail","hentry","category-sem-categoria"],"jetpack_publicize_connections":[],"jetpack_featured_media_url":"https:\/\/blogs.gazetaesportiva.com\/michellegiannella\/files\/2018\/08\/30017424078_00228c1344_o.jpg","jetpack_sharing_enabled":true,"jetpack_shortlink":"https:\/\/wp.me\/p6rrMZ-1fY","_links":{"self":[{"href":"https:\/\/blogs.gazetaesportiva.com\/michellegiannella\/wp-json\/wp\/v2\/posts\/4834","targetHints":{"allow":["GET"]}}],"collection":[{"href":"https:\/\/blogs.gazetaesportiva.com\/michellegiannella\/wp-json\/wp\/v2\/posts"}],"about":[{"href":"https:\/\/blogs.gazetaesportiva.com\/michellegiannella\/wp-json\/wp\/v2\/types\/post"}],"author":[{"embeddable":true,"href":"https:\/\/blogs.gazetaesportiva.com\/michellegiannella\/wp-json\/wp\/v2\/users\/14"}],"replies":[{"embeddable":true,"href":"https:\/\/blogs.gazetaesportiva.com\/michellegiannella\/wp-json\/wp\/v2\/comments?post=4834"}],"version-history":[{"count":0,"href":"https:\/\/blogs.gazetaesportiva.com\/michellegiannella\/wp-json\/wp\/v2\/posts\/4834\/revisions"}],"wp:featuredmedia":[{"embeddable":true,"href":"https:\/\/blogs.gazetaesportiva.com\/michellegiannella\/wp-json\/wp\/v2\/media\/4836"}],"wp:attachment":[{"href":"https:\/\/blogs.gazetaesportiva.com\/michellegiannella\/wp-json\/wp\/v2\/media?parent=4834"}],"wp:term":[{"taxonomy":"category","embeddable":true,"href":"https:\/\/blogs.gazetaesportiva.com\/michellegiannella\/wp-json\/wp\/v2\/categories?post=4834"},{"taxonomy":"post_tag","embeddable":true,"href":"https:\/\/blogs.gazetaesportiva.com\/michellegiannella\/wp-json\/wp\/v2\/tags?post=4834"}],"curies":[{"name":"wp","href":"https:\/\/api.w.org\/{rel}","templated":true}]}}