{"id":4824,"date":"2018-07-12T00:28:13","date_gmt":"2018-07-12T03:28:13","guid":{"rendered":"https:\/\/blogs.gazetaesportiva.com\/michellegiannella\/?p=4824"},"modified":"2018-07-12T14:02:38","modified_gmt":"2018-07-12T17:02:38","slug":"4824","status":"publish","type":"post","link":"https:\/\/blogs.gazetaesportiva.com\/michellegiannella\/2018\/07\/12\/4824\/","title":{"rendered":"Neymar e Gabriel Jesus curtem madrugada de p\u00f4quer SP"},"content":{"rendered":"<div class='fotorama--wp' data-ids='4830,4831,4832'data-link='file'data-itemtag='dl'data-icontag='dt'data-captiontag='dd'data-columns='0'data-size='large'data-width='640'data-auto='false'data-max-width='100%'data-ratio='1.520190023753'><div id='gallery-1' class='gallery galleryid-4824 gallery-columns-0 gallery-size-thumbnail'><dl class='gallery-item'>\n\t\t\t<dt class='gallery-icon landscape'>\n\t\t\t\t<a href='https:\/\/blogs.gazetaesportiva.com\/michellegiannella\/files\/2018\/07\/WhatsApp-Image-2018-07-12-at-13.39.41-1-1024x674.jpeg' data-full='https:\/\/blogs.gazetaesportiva.com\/michellegiannella\/files\/2018\/07\/WhatsApp-Image-2018-07-12-at-13.39.41-1.jpeg'><img loading=\"lazy\" decoding=\"async\" width=\"150\" height=\"150\" src=\"https:\/\/blogs.gazetaesportiva.com\/michellegiannella\/files\/2018\/07\/WhatsApp-Image-2018-07-12-at-13.39.41-1-150x150.jpeg\" class=\"attachment-thumbnail size-thumbnail\" alt=\"\" aria-describedby=\"gallery-1-4830\" \/><\/a>\n\t\t\t<\/dt>\n\t\t\t\t<dd class='wp-caption-text gallery-caption' id='gallery-1-4830'>\n\t\t\t\tFoto: Instagram\/Aldo Dias\n\t\t\t\t<\/dd><\/dl><dl class='gallery-item'>\n\t\t\t<dt class='gallery-icon landscape'>\n\t\t\t\t<a href='https:\/\/blogs.gazetaesportiva.com\/michellegiannella\/files\/2018\/07\/WhatsApp-Image-2018-07-12-at-13.39.41-1024x669.jpeg' data-full='https:\/\/blogs.gazetaesportiva.com\/michellegiannella\/files\/2018\/07\/WhatsApp-Image-2018-07-12-at-13.39.41.jpeg'><img loading=\"lazy\" decoding=\"async\" width=\"150\" height=\"150\" src=\"https:\/\/blogs.gazetaesportiva.com\/michellegiannella\/files\/2018\/07\/WhatsApp-Image-2018-07-12-at-13.39.41-150x150.jpeg\" class=\"attachment-thumbnail size-thumbnail\" alt=\"\" aria-describedby=\"gallery-1-4831\" \/><\/a>\n\t\t\t<\/dt>\n\t\t\t\t<dd class='wp-caption-text gallery-caption' id='gallery-1-4831'>\n\t\t\t\tFoto: Instagram\/Aldo Dias\n\t\t\t\t<\/dd><\/dl><dl class='gallery-item'>\n\t\t\t<dt class='gallery-icon landscape'>\n\t\t\t\t<a href='https:\/\/blogs.gazetaesportiva.com\/michellegiannella\/files\/2018\/07\/WhatsApp-Image-2018-07-12-at-13.44.51-1024x1018.jpeg' data-full='https:\/\/blogs.gazetaesportiva.com\/michellegiannella\/files\/2018\/07\/WhatsApp-Image-2018-07-12-at-13.44.51.jpeg'><img loading=\"lazy\" decoding=\"async\" width=\"150\" height=\"150\" src=\"https:\/\/blogs.gazetaesportiva.com\/michellegiannella\/files\/2018\/07\/WhatsApp-Image-2018-07-12-at-13.44.51-150x150.jpeg\" class=\"attachment-thumbnail size-thumbnail\" alt=\"\" aria-describedby=\"gallery-1-4832\" srcset=\"https:\/\/blogs.gazetaesportiva.com\/michellegiannella\/files\/2018\/07\/WhatsApp-Image-2018-07-12-at-13.44.51-150x150.jpeg 150w, https:\/\/blogs.gazetaesportiva.com\/michellegiannella\/files\/2018\/07\/WhatsApp-Image-2018-07-12-at-13.44.51-300x298.jpeg 300w, https:\/\/blogs.gazetaesportiva.com\/michellegiannella\/files\/2018\/07\/WhatsApp-Image-2018-07-12-at-13.44.51-768x764.jpeg 768w, https:\/\/blogs.gazetaesportiva.com\/michellegiannella\/files\/2018\/07\/WhatsApp-Image-2018-07-12-at-13.44.51.jpeg 1024w\" sizes=\"auto, (max-width: 150px) 100vw, 150px\" \/><\/a>\n\t\t\t<\/dt>\n\t\t\t\t<dd class='wp-caption-text gallery-caption' id='gallery-1-4832'>\n\t\t\t\tFoto: Instagram\/Aldo Dias\n\t\t\t\t<\/dd><\/dl>\n\t\t<\/div>\n<\/div>\n<p>Depois da elimina\u00e7\u00e3o brasileira na Copa do Mundo da R\u00fassia, Neymar n\u00e3o deu entrevistas para a imprensa e sequer foi visto desembarcando do avi\u00e3o que chegou com alguns atletas ao Brasil. Mas, na noite desta quarta-feira, o atleta foi visto junto com Gabriel Jesus jogando p\u00f4quer ao lado de amigos. O local recebeu tamb\u00e9m artistas e outros jogadores de futebol, como Mois\u00e9s, do Palmeiras, num bar de S\u00e3o Paulo.<\/p>\n<p>N\u00e3o \u00e9 nenhuma novidade que Neymar gosta de jogar p\u00f4quer. Enquanto se recuperava no Brasil da les\u00e3o sofrida antes do Mundial, o atleta esteve em pelo menos cinco oportunidades jogando de madrugada com amigos, conforme noticiou nosso colunista do blog Montanha de Cartas.<\/p>\n<p>O problema n\u00e3o \u00e9 o p\u00f4quer em si, mas o momento. O\u00a0Brasil foi eliminado da Copa e ele n\u00e3o deu nenhuma entrevista. Virou motivo de piada mundial causa das quedas dentro de campo e no dia em que conhecemos os finalistas do evento, ele \u00e9 visto jogando de madrugada.<\/p>\n<p>&#8220;\u00c9 a vida dele! Est\u00e1 de f\u00e9rias! Deixem o Neymar em paz&#8221;, dizem uns. Enquanto outros veem a atitude como mais uma demonstra\u00e7\u00e3o de descomprometimento. &#8220;A imagem do Neymar est\u00e1 desgastada e ele virou motivo de piada mundial. N\u00e3o seria hora de segurar a onda e jogar p\u00f4quer em casa com os amigos?&#8221;, indaga um colega jornalista.<\/p>\n<p>A vida segue, claro, mas todo mundo precisa tomar cuidado com a imagem que passa para o p\u00fablico. Principalmente o maior craque de nosso futebol brasileiro e um dos maiores nomes do futebol no planeta.<\/p>\n","protected":false},"excerpt":{"rendered":"<p>Depois da elimina\u00e7\u00e3o brasileira na Copa do Mundo da R\u00fassia, Neymar n\u00e3o deu entrevistas para a imprensa e sequer foi visto desembarcando do avi\u00e3o que <a class=\"read-more\" href=\"https:\/\/blogs.gazetaesportiva.com\/michellegiannella\/2018\/07\/12\/4824\/\">leia mais<\/a><\/p>\n","protected":false},"author":14,"featured_media":4830,"comment_status":"open","ping_status":"open","sticky":false,"template":"","format":"standard","meta":{"jetpack_post_was_ever_published":false,"_jetpack_newsletter_access":"","_jetpack_dont_email_post_to_subs":false,"_jetpack_newsletter_tier_id":0,"_jetpack_memberships_contains_paywalled_content":false,"_jetpack_memberships_contains_paid_content":false,"footnotes":"","jetpack_publicize_message":"","jetpack_publicize_feature_enabled":true,"jetpack_social_post_already_shared":true,"jetpack_social_options":{"image_generator_settings":{"template":"highway","default_image_id":0,"font":"","enabled":false},"version":2}},"categories":[1],"tags":[],"class_list":["post-4824","post","type-post","status-publish","format-standard","has-post-thumbnail","hentry","category-sem-categoria"],"jetpack_publicize_connections":[],"jetpack_featured_media_url":"https:\/\/blogs.gazetaesportiva.com\/michellegiannella\/files\/2018\/07\/WhatsApp-Image-2018-07-12-at-13.39.41-1.jpeg","jetpack_sharing_enabled":true,"jetpack_shortlink":"https:\/\/wp.me\/s6rrMZ-4824","_links":{"self":[{"href":"https:\/\/blogs.gazetaesportiva.com\/michellegiannella\/wp-json\/wp\/v2\/posts\/4824","targetHints":{"allow":["GET"]}}],"collection":[{"href":"https:\/\/blogs.gazetaesportiva.com\/michellegiannella\/wp-json\/wp\/v2\/posts"}],"about":[{"href":"https:\/\/blogs.gazetaesportiva.com\/michellegiannella\/wp-json\/wp\/v2\/types\/post"}],"author":[{"embeddable":true,"href":"https:\/\/blogs.gazetaesportiva.com\/michellegiannella\/wp-json\/wp\/v2\/users\/14"}],"replies":[{"embeddable":true,"href":"https:\/\/blogs.gazetaesportiva.com\/michellegiannella\/wp-json\/wp\/v2\/comments?post=4824"}],"version-history":[{"count":0,"href":"https:\/\/blogs.gazetaesportiva.com\/michellegiannella\/wp-json\/wp\/v2\/posts\/4824\/revisions"}],"wp:featuredmedia":[{"embeddable":true,"href":"https:\/\/blogs.gazetaesportiva.com\/michellegiannella\/wp-json\/wp\/v2\/media\/4830"}],"wp:attachment":[{"href":"https:\/\/blogs.gazetaesportiva.com\/michellegiannella\/wp-json\/wp\/v2\/media?parent=4824"}],"wp:term":[{"taxonomy":"category","embeddable":true,"href":"https:\/\/blogs.gazetaesportiva.com\/michellegiannella\/wp-json\/wp\/v2\/categories?post=4824"},{"taxonomy":"post_tag","embeddable":true,"href":"https:\/\/blogs.gazetaesportiva.com\/michellegiannella\/wp-json\/wp\/v2\/tags?post=4824"}],"curies":[{"name":"wp","href":"https:\/\/api.w.org\/{rel}","templated":true}]}}