{"id":4820,"date":"2018-07-08T22:51:53","date_gmt":"2018-07-09T01:51:53","guid":{"rendered":"https:\/\/blogs.gazetaesportiva.com\/michellegiannella\/?p=4820"},"modified":"2018-07-08T22:56:17","modified_gmt":"2018-07-09T01:56:17","slug":"derrota-ainda-indigesta","status":"publish","type":"post","link":"https:\/\/blogs.gazetaesportiva.com\/michellegiannella\/2018\/07\/08\/derrota-ainda-indigesta\/","title":{"rendered":"Derrota ainda indigesta"},"content":{"rendered":"<figure id=\"attachment_4822\" aria-describedby=\"caption-attachment-4822\" style=\"width: 768px\" class=\"wp-caption aligncenter\"><a href=\"https:\/\/blogs.gazetaesportiva.com\/michellegiannella\/files\/2018\/07\/000_17A7LE.jpg\"><img loading=\"lazy\" decoding=\"async\" class=\"size-full wp-image-4822\" src=\"https:\/\/blogs.gazetaesportiva.com\/michellegiannella\/files\/2018\/07\/000_17A7LE.jpg\" alt=\"\" width=\"768\" height=\"512\" srcset=\"https:\/\/blogs.gazetaesportiva.com\/michellegiannella\/files\/2018\/07\/000_17A7LE.jpg 768w, https:\/\/blogs.gazetaesportiva.com\/michellegiannella\/files\/2018\/07\/000_17A7LE-300x200.jpg 300w, https:\/\/blogs.gazetaesportiva.com\/michellegiannella\/files\/2018\/07\/000_17A7LE-120x80.jpg 120w\" sizes=\"auto, (max-width: 768px) 100vw, 768px\" \/><\/a><figcaption id=\"caption-attachment-4822\" class=\"wp-caption-text\">Foto: Jewel SAMAD \/ AFP<\/figcaption><\/figure>\n<p>Ainda n\u00e3o consegui digerir a nossa derrota pra B\u00e9lgica.<\/p>\n<p>Eu sabia que seria dif\u00edcil, achava que n\u00e3o daria pra n\u00f3s, mas tinha aquele fiozinho de esperan\u00e7a&#8230; se o Tite tivesse colocado o Douglas Costa e o Renato Augusto logo no \u00ednicio do segundo tempo, talvez a situa\u00e7\u00e3o tivesse sido diferente. Mas o &#8220;se&#8221; n\u00e3o existe e a vida segue.<\/p>\n<p>Dessa sele\u00e7\u00e3o que vimos a\u00ed, 11 jogadores n\u00e3o dever\u00e3o estar na pr\u00f3xima Copa. Muitos pela idade, outros pela estrutura emocional.<\/p>\n<p>Ali\u00e1s, falando sobre a parte psicol\u00f3gica, n\u00e3o d\u00e1 mais para ficarmos sem um profissional que fa\u00e7a um trabalho a longo prazo com nosso time. Desde o 7 a 1 isso precisava ter sido trabalhado. Neymar dizendo que n\u00e3o sabe se ter\u00e1 for\u00e7as para voltar a jogar, Gabriel Jesus deprimido ap\u00f3s a desclassifica\u00e7\u00e3o. Claro que ficamos tristes e abalados, mas a vida segue. Esses jogadores tem que criar casca, for\u00e7a na adversidade para sobrepujar os desafios dentro de campo.<\/p>\n<p>Quanto ao Neymar, fico \u00e0 vontade pra falar dele porque o defendi em outra oportunidade. O rapaz virou piada mundial, ent\u00e3o, a\u00ed vai:<\/p>\n<ol>\n<li>Faltou passar mais a bola.<\/li>\n<li>Faltou dosar as ca\u00eddas, diminuir o exagero quando apanhava.<\/li>\n<li>Faltou humildade para tratar os f\u00e3s que l\u00e1 estavam. E outra, se manifestar apenas pelas redes sociais \u00e9 f\u00e1cil. Tem que dar a cara a tapa, tem que ser homem e parar de ser menino. \u00c9 muito mimimi.<\/li>\n<\/ol>\n<p>Quanto a sele\u00e7\u00e3o:<\/p>\n<ol>\n<li>Precisa do psic\u00f3logo esportivo n\u00e3o s\u00f3 na \u00e9poca da Copa, mas a partir de ontem.<\/li>\n<li>Precisa de l\u00edderes dentro de campo.<\/li>\n<li>Precisa de um capit\u00e3o fixo.<\/li>\n<\/ol>\n<p>Pronto, falei.<\/p>\n<p>Deixe seu coment\u00e1rio pra mim. At\u00e9 l\u00e1!<\/p>\n","protected":false},"excerpt":{"rendered":"<p>Ainda n\u00e3o consegui digerir a nossa derrota pra B\u00e9lgica. Eu sabia que seria dif\u00edcil, achava que n\u00e3o daria pra n\u00f3s, mas tinha aquele fiozinho de <a class=\"read-more\" href=\"https:\/\/blogs.gazetaesportiva.com\/michellegiannella\/2018\/07\/08\/derrota-ainda-indigesta\/\">leia mais<\/a><\/p>\n","protected":false},"author":14,"featured_media":4822,"comment_status":"open","ping_status":"open","sticky":false,"template":"","format":"standard","meta":{"jetpack_post_was_ever_published":false,"_jetpack_newsletter_access":"","_jetpack_dont_email_post_to_subs":false,"_jetpack_newsletter_tier_id":0,"_jetpack_memberships_contains_paywalled_content":false,"_jetpack_memberships_contains_paid_content":false,"footnotes":"","jetpack_publicize_message":"","jetpack_publicize_feature_enabled":true,"jetpack_social_post_already_shared":true,"jetpack_social_options":{"image_generator_settings":{"template":"highway","default_image_id":0,"font":"","enabled":false},"version":2}},"categories":[1],"tags":[],"class_list":["post-4820","post","type-post","status-publish","format-standard","has-post-thumbnail","hentry","category-sem-categoria"],"jetpack_publicize_connections":[],"jetpack_featured_media_url":"https:\/\/blogs.gazetaesportiva.com\/michellegiannella\/files\/2018\/07\/000_17A7LE.jpg","jetpack_sharing_enabled":true,"jetpack_shortlink":"https:\/\/wp.me\/p6rrMZ-1fK","_links":{"self":[{"href":"https:\/\/blogs.gazetaesportiva.com\/michellegiannella\/wp-json\/wp\/v2\/posts\/4820","targetHints":{"allow":["GET"]}}],"collection":[{"href":"https:\/\/blogs.gazetaesportiva.com\/michellegiannella\/wp-json\/wp\/v2\/posts"}],"about":[{"href":"https:\/\/blogs.gazetaesportiva.com\/michellegiannella\/wp-json\/wp\/v2\/types\/post"}],"author":[{"embeddable":true,"href":"https:\/\/blogs.gazetaesportiva.com\/michellegiannella\/wp-json\/wp\/v2\/users\/14"}],"replies":[{"embeddable":true,"href":"https:\/\/blogs.gazetaesportiva.com\/michellegiannella\/wp-json\/wp\/v2\/comments?post=4820"}],"version-history":[{"count":0,"href":"https:\/\/blogs.gazetaesportiva.com\/michellegiannella\/wp-json\/wp\/v2\/posts\/4820\/revisions"}],"wp:featuredmedia":[{"embeddable":true,"href":"https:\/\/blogs.gazetaesportiva.com\/michellegiannella\/wp-json\/wp\/v2\/media\/4822"}],"wp:attachment":[{"href":"https:\/\/blogs.gazetaesportiva.com\/michellegiannella\/wp-json\/wp\/v2\/media?parent=4820"}],"wp:term":[{"taxonomy":"category","embeddable":true,"href":"https:\/\/blogs.gazetaesportiva.com\/michellegiannella\/wp-json\/wp\/v2\/categories?post=4820"},{"taxonomy":"post_tag","embeddable":true,"href":"https:\/\/blogs.gazetaesportiva.com\/michellegiannella\/wp-json\/wp\/v2\/tags?post=4820"}],"curies":[{"name":"wp","href":"https:\/\/api.w.org\/{rel}","templated":true}]}}