{"id":4807,"date":"2018-06-22T16:43:41","date_gmt":"2018-06-22T19:43:41","guid":{"rendered":"https:\/\/blogs.gazetaesportiva.com\/michellegiannella\/?p=4807"},"modified":"2018-06-22T16:59:47","modified_gmt":"2018-06-22T19:59:47","slug":"nao-podemos-nos-iludir-com-a-selecao","status":"publish","type":"post","link":"https:\/\/blogs.gazetaesportiva.com\/michellegiannella\/2018\/06\/22\/nao-podemos-nos-iludir-com-a-selecao\/","title":{"rendered":"N\u00e3o podemos nos iludir com a Sele\u00e7\u00e3o"},"content":{"rendered":"<figure id=\"attachment_4809\" aria-describedby=\"caption-attachment-4809\" style=\"width: 1024px\" class=\"wp-caption aligncenter\"><a href=\"https:\/\/blogs.gazetaesportiva.com\/michellegiannella\/files\/2018\/06\/BRAxCOR_wr_2206_051-1024x682.jpg\"><img loading=\"lazy\" decoding=\"async\" class=\"size-full wp-image-4809\" src=\"https:\/\/blogs.gazetaesportiva.com\/michellegiannella\/files\/2018\/06\/BRAxCOR_wr_2206_051-1024x682.jpg\" alt=\"\" width=\"1024\" height=\"682\" srcset=\"https:\/\/blogs.gazetaesportiva.com\/michellegiannella\/files\/2018\/06\/BRAxCOR_wr_2206_051-1024x682.jpg 1024w, https:\/\/blogs.gazetaesportiva.com\/michellegiannella\/files\/2018\/06\/BRAxCOR_wr_2206_051-1024x682-300x200.jpg 300w, https:\/\/blogs.gazetaesportiva.com\/michellegiannella\/files\/2018\/06\/BRAxCOR_wr_2206_051-1024x682-768x512.jpg 768w, https:\/\/blogs.gazetaesportiva.com\/michellegiannella\/files\/2018\/06\/BRAxCOR_wr_2206_051-1024x682-120x80.jpg 120w\" sizes=\"auto, (max-width: 1024px) 100vw, 1024px\" \/><\/a><figcaption id=\"caption-attachment-4809\" class=\"wp-caption-text\">Foto: Wander Roberto\/Inovafoto\/Gazeta Press<\/figcaption><\/figure>\n<p>Senhor!\u00a0N\u00e3o vai ser f\u00e1cil essa Copa e creio que n\u00e3o podemos sonhar muito alto&#8230; Antes eu estava bem mais confiante, mas vejo nossa Sele\u00e7\u00e3o muito fr\u00e1gil emocionalmente e nas finaliza\u00e7\u00f5es.<\/p>\n<p>Vamos l\u00e1. Sobre o jogo contra a Costa Rica. Se foi esse sufoco contra eles, imagine contra os pr\u00f3ximos advers\u00e1rios.\u00a0O primeiro tempo foi um lixo. Nem vou comentar.<\/p>\n<p>O segundo tempo foi beeem melhor.\u00a0Marcelo mais confiante, F\u00e1gner e Firmino entrando bem e dando conta do recado.\u00a0 E o Neymar? Vamos l\u00e1:<\/p>\n<p>1 Se esfor\u00e7ava, mas n\u00e3o conseguia concluir. Ainda n\u00e3o est\u00e1 100%, mas resolveu mais do que no primeiro jogo. Est\u00e1 com mais ritmo.<\/p>\n<p>2 O p\u00eanalti n\u00e3o foi mesmo, na minha opini\u00e3o. Ele interpreta e pula demais.<\/p>\n<p>3 A press\u00e3o em cima dele est\u00e1 muito forte. Vem de les\u00e3o, todo mundo reclamando que \u00e9 cai cai e fominha e quando errou aquela bola escondendo o rosto, senti o quanto ele pr\u00f3prio est\u00e1 se cobrando.<\/p>\n<p>4 Fez o gol, mas quando terminou a partida sentou e chorou. Uns acham que foi interpreta\u00e7\u00e3o, PAREM COM ISSO! Quem vai querer parecer t\u00e3o fr\u00e1gil e imaturo? Ele chorou porque tamb\u00e9m se cobra e est\u00e1 se superando. Ele quer tanto quanto todos n\u00f3s conquistar uma Copa. Fiquei sensibilizada.<\/p>\n<p>O que eu percebo dessa Sele\u00e7\u00e3o \u00e9 que neste jogo lidamos melhor com a ansiedade e com a press\u00e3o, mas o advers\u00e1rio n\u00e3o tinha feito gol e era fr\u00e1gil. Um trabalho psicol\u00f3gico teria ca\u00eddo como uma luva nesse time que se sente t\u00e3o pressionado e ansioso. H\u00e1 t\u00e9cnicas de respira\u00e7\u00e3o, concentra\u00e7\u00e3o e exerc\u00edcios para manter o foco que poderiam ajudar. Leiam o <strong><a href=\"https:\/\/blogs.gazetaesportiva.com\/joaoricardocozac\/\">blog do Cozac<\/a><\/strong> e vejam o quanto um trabalho de fortalecimento emocional seria importante.<\/p>\n<p>Mas, enfim, vamos em frente. Quarta-feira tem mais. Continuarei torcendo, mas sei que ser\u00e1 bem complicado.<\/p>\n","protected":false},"excerpt":{"rendered":"<p>Senhor!\u00a0N\u00e3o vai ser f\u00e1cil essa Copa e creio que n\u00e3o podemos sonhar muito alto&#8230; Antes eu estava bem mais confiante, mas vejo nossa Sele\u00e7\u00e3o muito <a class=\"read-more\" href=\"https:\/\/blogs.gazetaesportiva.com\/michellegiannella\/2018\/06\/22\/nao-podemos-nos-iludir-com-a-selecao\/\">leia mais<\/a><\/p>\n","protected":false},"author":14,"featured_media":4809,"comment_status":"open","ping_status":"open","sticky":false,"template":"","format":"standard","meta":{"jetpack_post_was_ever_published":false,"_jetpack_newsletter_access":"","_jetpack_dont_email_post_to_subs":false,"_jetpack_newsletter_tier_id":0,"_jetpack_memberships_contains_paywalled_content":false,"_jetpack_memberships_contains_paid_content":false,"footnotes":"","jetpack_publicize_message":"","jetpack_publicize_feature_enabled":true,"jetpack_social_post_already_shared":true,"jetpack_social_options":{"image_generator_settings":{"template":"highway","default_image_id":0,"font":"","enabled":false},"version":2}},"categories":[1],"tags":[],"class_list":["post-4807","post","type-post","status-publish","format-standard","has-post-thumbnail","hentry","category-sem-categoria"],"jetpack_publicize_connections":[],"jetpack_featured_media_url":"https:\/\/blogs.gazetaesportiva.com\/michellegiannella\/files\/2018\/06\/BRAxCOR_wr_2206_051-1024x682.jpg","jetpack_sharing_enabled":true,"jetpack_shortlink":"https:\/\/wp.me\/p6rrMZ-1fx","_links":{"self":[{"href":"https:\/\/blogs.gazetaesportiva.com\/michellegiannella\/wp-json\/wp\/v2\/posts\/4807","targetHints":{"allow":["GET"]}}],"collection":[{"href":"https:\/\/blogs.gazetaesportiva.com\/michellegiannella\/wp-json\/wp\/v2\/posts"}],"about":[{"href":"https:\/\/blogs.gazetaesportiva.com\/michellegiannella\/wp-json\/wp\/v2\/types\/post"}],"author":[{"embeddable":true,"href":"https:\/\/blogs.gazetaesportiva.com\/michellegiannella\/wp-json\/wp\/v2\/users\/14"}],"replies":[{"embeddable":true,"href":"https:\/\/blogs.gazetaesportiva.com\/michellegiannella\/wp-json\/wp\/v2\/comments?post=4807"}],"version-history":[{"count":0,"href":"https:\/\/blogs.gazetaesportiva.com\/michellegiannella\/wp-json\/wp\/v2\/posts\/4807\/revisions"}],"wp:featuredmedia":[{"embeddable":true,"href":"https:\/\/blogs.gazetaesportiva.com\/michellegiannella\/wp-json\/wp\/v2\/media\/4809"}],"wp:attachment":[{"href":"https:\/\/blogs.gazetaesportiva.com\/michellegiannella\/wp-json\/wp\/v2\/media?parent=4807"}],"wp:term":[{"taxonomy":"category","embeddable":true,"href":"https:\/\/blogs.gazetaesportiva.com\/michellegiannella\/wp-json\/wp\/v2\/categories?post=4807"},{"taxonomy":"post_tag","embeddable":true,"href":"https:\/\/blogs.gazetaesportiva.com\/michellegiannella\/wp-json\/wp\/v2\/tags?post=4807"}],"curies":[{"name":"wp","href":"https:\/\/api.w.org\/{rel}","templated":true}]}}