{"id":4801,"date":"2018-06-17T21:25:31","date_gmt":"2018-06-18T00:25:31","guid":{"rendered":"https:\/\/blogs.gazetaesportiva.com\/michellegiannella\/?p=4801"},"modified":"2018-06-17T22:23:27","modified_gmt":"2018-06-18T01:23:27","slug":"7-coisas-que-faltam-na-selecao-brasileira","status":"publish","type":"post","link":"https:\/\/blogs.gazetaesportiva.com\/michellegiannella\/2018\/06\/17\/7-coisas-que-faltam-na-selecao-brasileira\/","title":{"rendered":"7 coisas que faltam na sele\u00e7\u00e3o brasileira"},"content":{"rendered":"<figure id=\"attachment_4804\" aria-describedby=\"caption-attachment-4804\" style=\"width: 640px\" class=\"wp-caption aligncenter\"><a href=\"https:\/\/blogs.gazetaesportiva.com\/michellegiannella\/files\/2018\/06\/01126242.jpg\"><img loading=\"lazy\" decoding=\"async\" class=\"wp-image-4804 size-large\" src=\"https:\/\/blogs.gazetaesportiva.com\/michellegiannella\/files\/2018\/06\/01126242-1024x683.jpg\" alt=\"\" width=\"640\" height=\"427\" srcset=\"https:\/\/blogs.gazetaesportiva.com\/michellegiannella\/files\/2018\/06\/01126242-1024x683.jpg 1024w, https:\/\/blogs.gazetaesportiva.com\/michellegiannella\/files\/2018\/06\/01126242-300x200.jpg 300w, https:\/\/blogs.gazetaesportiva.com\/michellegiannella\/files\/2018\/06\/01126242-768x512.jpg 768w, https:\/\/blogs.gazetaesportiva.com\/michellegiannella\/files\/2018\/06\/01126242-120x80.jpg 120w\" sizes=\"auto, (max-width: 640px) 100vw, 640px\" \/><\/a><figcaption id=\"caption-attachment-4804\" class=\"wp-caption-text\">Foto: Wander Roberto\/Inovafoto\/Gazeta Press<\/figcaption><\/figure>\n<p>Chateada.<\/p>\n<p>Esperava mais&#8230; esperava tanto&#8230; mas empatamos. Ok, melhor do que perder. Mas o problema foi o futebol que vi dentro de campo. N\u00e3o foi de encher os olhos e empolgar. Pelo contr\u00e1rio&#8230; por alguns momentos voltei a me sentir como naquele jogo do 7 a 1&#8230;. Pra mim, faltam algumas coisas na sele\u00e7\u00e3o brasileira. Segue a minha listinha:<\/p>\n<p>1 &#8211; Falta um jogador refer\u00eancia dentro de campo, que pegue a bola embaixo do bra\u00e7o e chame o jogo. Neymar n\u00e3o tem esse papel. Ningu\u00e9m l\u00e1 tem.<\/p>\n<p>2 &#8211; Falta um psic\u00f3logo esportivo que trabalhe essa equipe e ajude o elenco a manter a cabe\u00e7a fria e o foco mesmo depois de tomar um gol. N\u00e3o pode tudo virar motivo de desespero. A equipe sempre fica muito abalada quando toma um gol.<\/p>\n<p>3 &#8211; Falta o Marcelo ser o mesmo do Real Madrid, porque parece outro jogador na sele\u00e7\u00e3o brasileira.<\/p>\n<p>4 &#8211; Falta o Neymar estar 100%.<\/p>\n<p>5 &#8211; Falta n\u00e3o ficar desesperado quando errar um passe ou um p\u00eanalti n\u00e3o for marcado, o time tem que ter coragem pra seguir em frente e se sustentar com determina\u00e7\u00e3o e seriedade. Peguem o exemplo de Cristiano Ronaldo \u00e0 frente de Portugal.<\/p>\n<p>6 &#8211; Falta um meia armador nesse time que s\u00f3 tem Renato Augusto.<\/p>\n<p>7 &#8211; Falta um goleiro que n\u00e3o tome 11 gols em 3 jogos da Champions.<\/p>\n","protected":false},"excerpt":{"rendered":"<p>Chateada. Esperava mais&#8230; esperava tanto&#8230; mas empatamos. Ok, melhor do que perder. Mas o problema foi o futebol que vi dentro de campo. N\u00e3o foi <a class=\"read-more\" href=\"https:\/\/blogs.gazetaesportiva.com\/michellegiannella\/2018\/06\/17\/7-coisas-que-faltam-na-selecao-brasileira\/\">leia mais<\/a><\/p>\n","protected":false},"author":14,"featured_media":4804,"comment_status":"open","ping_status":"open","sticky":false,"template":"","format":"standard","meta":{"jetpack_post_was_ever_published":false,"_jetpack_newsletter_access":"","_jetpack_dont_email_post_to_subs":false,"_jetpack_newsletter_tier_id":0,"_jetpack_memberships_contains_paywalled_content":false,"_jetpack_memberships_contains_paid_content":false,"footnotes":"","jetpack_publicize_message":"","jetpack_publicize_feature_enabled":true,"jetpack_social_post_already_shared":true,"jetpack_social_options":{"image_generator_settings":{"template":"highway","default_image_id":0,"font":"","enabled":false},"version":2}},"categories":[1],"tags":[],"class_list":["post-4801","post","type-post","status-publish","format-standard","has-post-thumbnail","hentry","category-sem-categoria"],"jetpack_publicize_connections":[],"jetpack_featured_media_url":"https:\/\/blogs.gazetaesportiva.com\/michellegiannella\/files\/2018\/06\/01126242.jpg","jetpack_sharing_enabled":true,"jetpack_shortlink":"https:\/\/wp.me\/p6rrMZ-1fr","_links":{"self":[{"href":"https:\/\/blogs.gazetaesportiva.com\/michellegiannella\/wp-json\/wp\/v2\/posts\/4801","targetHints":{"allow":["GET"]}}],"collection":[{"href":"https:\/\/blogs.gazetaesportiva.com\/michellegiannella\/wp-json\/wp\/v2\/posts"}],"about":[{"href":"https:\/\/blogs.gazetaesportiva.com\/michellegiannella\/wp-json\/wp\/v2\/types\/post"}],"author":[{"embeddable":true,"href":"https:\/\/blogs.gazetaesportiva.com\/michellegiannella\/wp-json\/wp\/v2\/users\/14"}],"replies":[{"embeddable":true,"href":"https:\/\/blogs.gazetaesportiva.com\/michellegiannella\/wp-json\/wp\/v2\/comments?post=4801"}],"version-history":[{"count":0,"href":"https:\/\/blogs.gazetaesportiva.com\/michellegiannella\/wp-json\/wp\/v2\/posts\/4801\/revisions"}],"wp:featuredmedia":[{"embeddable":true,"href":"https:\/\/blogs.gazetaesportiva.com\/michellegiannella\/wp-json\/wp\/v2\/media\/4804"}],"wp:attachment":[{"href":"https:\/\/blogs.gazetaesportiva.com\/michellegiannella\/wp-json\/wp\/v2\/media?parent=4801"}],"wp:term":[{"taxonomy":"category","embeddable":true,"href":"https:\/\/blogs.gazetaesportiva.com\/michellegiannella\/wp-json\/wp\/v2\/categories?post=4801"},{"taxonomy":"post_tag","embeddable":true,"href":"https:\/\/blogs.gazetaesportiva.com\/michellegiannella\/wp-json\/wp\/v2\/tags?post=4801"}],"curies":[{"name":"wp","href":"https:\/\/api.w.org\/{rel}","templated":true}]}}