{"id":4797,"date":"2018-06-07T15:46:45","date_gmt":"2018-06-07T18:46:45","guid":{"rendered":"https:\/\/blogs.gazetaesportiva.com\/michellegiannella\/?p=4797"},"modified":"2018-06-07T16:02:50","modified_gmt":"2018-06-07T19:02:50","slug":"papo-de-whatsapp-coincidencias-mostram-que-o-hexa-sera-nosso","status":"publish","type":"post","link":"https:\/\/blogs.gazetaesportiva.com\/michellegiannella\/2018\/06\/07\/papo-de-whatsapp-coincidencias-mostram-que-o-hexa-sera-nosso\/","title":{"rendered":"8 coincid\u00eancias mostram que o hexa ser\u00e1 nosso!"},"content":{"rendered":"<figure id=\"attachment_4798\" aria-describedby=\"caption-attachment-4798\" style=\"width: 900px\" class=\"wp-caption aligncenter\"><a href=\"https:\/\/blogs.gazetaesportiva.com\/michellegiannella\/files\/2018\/06\/montagem1.jpg\"><img loading=\"lazy\" decoding=\"async\" class=\"size-full wp-image-4798\" src=\"https:\/\/blogs.gazetaesportiva.com\/michellegiannella\/files\/2018\/06\/montagem1.jpg\" alt=\"\" width=\"900\" height=\"400\" srcset=\"https:\/\/blogs.gazetaesportiva.com\/michellegiannella\/files\/2018\/06\/montagem1.jpg 900w, https:\/\/blogs.gazetaesportiva.com\/michellegiannella\/files\/2018\/06\/montagem1-300x133.jpg 300w, https:\/\/blogs.gazetaesportiva.com\/michellegiannella\/files\/2018\/06\/montagem1-768x341.jpg 768w\" sizes=\"auto, (max-width: 900px) 100vw, 900px\" \/><\/a><figcaption id=\"caption-attachment-4798\" class=\"wp-caption-text\">(Fotos: Djalma Vass\u00e3o\/Gazeta Press)<\/figcaption><\/figure>\n<p>Oi pessoal, tudo bem?<\/p>\n<p>Recebi num grupo de whastapp essa mensagem e at\u00e9 fiquei mais esperan\u00e7osa com a sele\u00e7\u00e3o. N\u00e3o que eu n\u00e3o confie no nosso Brasil, mas diante de times t\u00e3o organizados e bem planejados e diante da confus\u00e3o e da fase ruim que vive o futebol brasileiro, quem sabe o hexacampeonato n\u00e3o vai ser nosso? Depois deixe a sua opini\u00e3o pra mim.<\/p>\n<p><strong>COINCID\u00caNCIAS APONTAM QUE BRASIL SER\u00c1 HEXA EM 2018:<\/strong><\/p>\n<p>2002 &#8211; Kleberson, volante contestado, pouco aceito pela torcida, foi negociado com o Manchester United depois da Copa.<\/p>\n<p><strong>2018 &#8211; Fred, volante n\u00e3o t\u00e3o conhecido no Brasil, tamb\u00e9m foi negociado com o Manchester United antes da Copa.\u00a0<\/strong><\/p>\n<p>2002 &#8211; Felip\u00e3o, treinador ga\u00facho, foi campe\u00e3o e \u00eddolo do Palmeiras antes de assumir a sele\u00e7\u00e3o brasileira.<\/p>\n<p><strong>2018 &#8211; Tite, treinador ga\u00facho, foi campe\u00e3o e \u00eddolo do Corinthians antes de assumir a sele\u00e7\u00e3o brasileira.<\/strong><\/p>\n<p>2002 &#8211; Ronaldo, nosso camisa 9, sofreu uma les\u00e3o meses antes da Copa, mas recuperou-se a tempo de jogar o Mundial.<\/p>\n<p><strong>2018 &#8211; Gabriel Jesus, nosso camisa 9,\u00a0sofreu uma les\u00e3o meses antes da Copa, mas recuperou-se a tempo de jogar o Mundial.\u00a0<\/strong><\/p>\n<p>2002 &#8211; Em\u00e9rson, capit\u00e3o do time e homem de confian\u00e7a de Felip\u00e3o, machucou-se e foi cortado depois da convoca\u00e7\u00e3o.<\/p>\n<p><strong>2018 &#8211; Daniel Alves, um dos capit\u00e3es do time e homem de confian\u00e7a de Tite, machucou-se e foi cortado antes da convoca\u00e7\u00e3o.<\/strong><\/p>\n<p>2002 &#8211; A sele\u00e7\u00e3o chegou \u00e0 Copa depois de, no torneio anterior, tomar uma surra desconcertante da Fran\u00e7a, perdendo a final por 3 a 0.<\/p>\n<p><strong>2018 &#8211; A sele\u00e7\u00e3o chega \u00e0 Copa depois de, no torneio anterior, tomar uma surra desconcertante da Alemanha, perdendo a semifinal por 7 a 1.\u00a0<\/strong><\/p>\n<p>2002 &#8211; Costa Rica no mesmo grupo que o Brasil. Nig\u00e9ria no mesmo grupo que a Argentina.<\/p>\n<p><strong>2018 &#8211;\u00a0Costa Rica no mesmo grupo que o Brasil. Nig\u00e9ria no mesmo grupo que a Argentina.<\/strong><\/p>\n<p>2002 &#8211; Nosso lateral esquerdo, Roberto Carlos, considerado por especialistas o melhor do mundo na posi\u00e7\u00e3o, era titular absoluto e \u00eddolo do Real Madrid. Conquistou a Liga dos Campe\u00f5es com o clube no ano da Copa.<\/p>\n<p><strong>2018 &#8211;\u00a0Nosso lateral esquerdo, Marcelo, considerado por especialistas o melhor do mundo na posi\u00e7\u00e3o, era titular absoluto e \u00eddolo do Real Madrid. Conquistou a Liga dos Campe\u00f5es com o clube no ano da Copa.\u00a0<\/strong><\/p>\n<p>2002 &#8211; Ronaldinho Ga\u00facho era o camisa 10 do PSG.<\/p>\n<p><strong>2018 &#8211; Neymar \u00e9 o camisa 10 do PSG.\u00a0<\/strong><\/p>\n<p>E a\u00ed, concordam? Vai dar Brasil?<\/p>\n","protected":false},"excerpt":{"rendered":"<p>Oi pessoal, tudo bem? Recebi num grupo de whastapp essa mensagem e at\u00e9 fiquei mais esperan\u00e7osa com a sele\u00e7\u00e3o. N\u00e3o que eu n\u00e3o confie no <a class=\"read-more\" href=\"https:\/\/blogs.gazetaesportiva.com\/michellegiannella\/2018\/06\/07\/papo-de-whatsapp-coincidencias-mostram-que-o-hexa-sera-nosso\/\">leia mais<\/a><\/p>\n","protected":false},"author":14,"featured_media":4798,"comment_status":"open","ping_status":"open","sticky":false,"template":"","format":"standard","meta":{"jetpack_post_was_ever_published":false,"_jetpack_newsletter_access":"","_jetpack_dont_email_post_to_subs":false,"_jetpack_newsletter_tier_id":0,"_jetpack_memberships_contains_paywalled_content":false,"_jetpack_memberships_contains_paid_content":false,"footnotes":"","jetpack_publicize_message":"","jetpack_publicize_feature_enabled":true,"jetpack_social_post_already_shared":true,"jetpack_social_options":{"image_generator_settings":{"template":"highway","default_image_id":0,"font":"","enabled":false},"version":2}},"categories":[1],"tags":[],"class_list":["post-4797","post","type-post","status-publish","format-standard","has-post-thumbnail","hentry","category-sem-categoria"],"jetpack_publicize_connections":[],"jetpack_featured_media_url":"https:\/\/blogs.gazetaesportiva.com\/michellegiannella\/files\/2018\/06\/montagem1.jpg","jetpack_sharing_enabled":true,"jetpack_shortlink":"https:\/\/wp.me\/p6rrMZ-1fn","_links":{"self":[{"href":"https:\/\/blogs.gazetaesportiva.com\/michellegiannella\/wp-json\/wp\/v2\/posts\/4797","targetHints":{"allow":["GET"]}}],"collection":[{"href":"https:\/\/blogs.gazetaesportiva.com\/michellegiannella\/wp-json\/wp\/v2\/posts"}],"about":[{"href":"https:\/\/blogs.gazetaesportiva.com\/michellegiannella\/wp-json\/wp\/v2\/types\/post"}],"author":[{"embeddable":true,"href":"https:\/\/blogs.gazetaesportiva.com\/michellegiannella\/wp-json\/wp\/v2\/users\/14"}],"replies":[{"embeddable":true,"href":"https:\/\/blogs.gazetaesportiva.com\/michellegiannella\/wp-json\/wp\/v2\/comments?post=4797"}],"version-history":[{"count":0,"href":"https:\/\/blogs.gazetaesportiva.com\/michellegiannella\/wp-json\/wp\/v2\/posts\/4797\/revisions"}],"wp:featuredmedia":[{"embeddable":true,"href":"https:\/\/blogs.gazetaesportiva.com\/michellegiannella\/wp-json\/wp\/v2\/media\/4798"}],"wp:attachment":[{"href":"https:\/\/blogs.gazetaesportiva.com\/michellegiannella\/wp-json\/wp\/v2\/media?parent=4797"}],"wp:term":[{"taxonomy":"category","embeddable":true,"href":"https:\/\/blogs.gazetaesportiva.com\/michellegiannella\/wp-json\/wp\/v2\/categories?post=4797"},{"taxonomy":"post_tag","embeddable":true,"href":"https:\/\/blogs.gazetaesportiva.com\/michellegiannella\/wp-json\/wp\/v2\/tags?post=4797"}],"curies":[{"name":"wp","href":"https:\/\/api.w.org\/{rel}","templated":true}]}}