{"id":4795,"date":"2018-05-27T22:57:01","date_gmt":"2018-05-28T01:57:01","guid":{"rendered":"https:\/\/blogs.gazetaesportiva.com\/michellegiannella\/?p=4795"},"modified":"2018-05-27T22:57:01","modified_gmt":"2018-05-28T01:57:01","slug":"que-semana","status":"publish","type":"post","link":"https:\/\/blogs.gazetaesportiva.com\/michellegiannella\/2018\/05\/27\/que-semana\/","title":{"rendered":"Que semana!"},"content":{"rendered":"<p>Essa foi uma semana intensa pro futebol.<\/p>\n<p>Carille decidiu sair do Corinthians e ir pro mundo \u00e1rabe.<\/p>\n<p>O povo queria ver a sele\u00e7\u00e3o de perto, foi esnobado, deu a maior confus\u00e3o l\u00e1 na Granja&#8230; j\u00e1 h\u00e1 t\u00e3o pouca afinidade do povo com a sele\u00e7\u00e3o, custava deixar um dia o povo brasileiro ficar perto de seu time?<\/p>\n<p>Corinthians perdendo&#8230; Mantuan chorando&#8230; Loss tentando se encontrar&#8230;<\/p>\n<p>S\u00e3o Paulo e Nen\u00ea vivendo um caso de amor.<\/p>\n<p>Salah machucado por um golpe de jud\u00f4 de Ramos. Vergonhoso!<\/p>\n<p>Cristiano Ronaldo como sempre, um vencedor!<\/p>\n<p>&nbsp;<\/p>\n<p>&nbsp;<\/p>\n","protected":false},"excerpt":{"rendered":"<p>Essa foi uma semana intensa pro futebol. Carille decidiu sair do Corinthians e ir pro mundo \u00e1rabe. O povo queria ver a sele\u00e7\u00e3o de perto, <a class=\"read-more\" href=\"https:\/\/blogs.gazetaesportiva.com\/michellegiannella\/2018\/05\/27\/que-semana\/\">leia mais<\/a><\/p>\n","protected":false},"author":14,"featured_media":0,"comment_status":"open","ping_status":"open","sticky":false,"template":"","format":"standard","meta":{"jetpack_post_was_ever_published":false,"_jetpack_newsletter_access":"","_jetpack_dont_email_post_to_subs":false,"_jetpack_newsletter_tier_id":0,"_jetpack_memberships_contains_paywalled_content":false,"_jetpack_memberships_contains_paid_content":false,"footnotes":"","jetpack_publicize_message":"","jetpack_publicize_feature_enabled":true,"jetpack_social_post_already_shared":true,"jetpack_social_options":{"image_generator_settings":{"template":"highway","default_image_id":0,"font":"","enabled":false},"version":2}},"categories":[1],"tags":[],"class_list":["post-4795","post","type-post","status-publish","format-standard","hentry","category-sem-categoria"],"jetpack_publicize_connections":[],"jetpack_featured_media_url":"","jetpack_sharing_enabled":true,"jetpack_shortlink":"https:\/\/wp.me\/p6rrMZ-1fl","_links":{"self":[{"href":"https:\/\/blogs.gazetaesportiva.com\/michellegiannella\/wp-json\/wp\/v2\/posts\/4795","targetHints":{"allow":["GET"]}}],"collection":[{"href":"https:\/\/blogs.gazetaesportiva.com\/michellegiannella\/wp-json\/wp\/v2\/posts"}],"about":[{"href":"https:\/\/blogs.gazetaesportiva.com\/michellegiannella\/wp-json\/wp\/v2\/types\/post"}],"author":[{"embeddable":true,"href":"https:\/\/blogs.gazetaesportiva.com\/michellegiannella\/wp-json\/wp\/v2\/users\/14"}],"replies":[{"embeddable":true,"href":"https:\/\/blogs.gazetaesportiva.com\/michellegiannella\/wp-json\/wp\/v2\/comments?post=4795"}],"version-history":[{"count":0,"href":"https:\/\/blogs.gazetaesportiva.com\/michellegiannella\/wp-json\/wp\/v2\/posts\/4795\/revisions"}],"wp:attachment":[{"href":"https:\/\/blogs.gazetaesportiva.com\/michellegiannella\/wp-json\/wp\/v2\/media?parent=4795"}],"wp:term":[{"taxonomy":"category","embeddable":true,"href":"https:\/\/blogs.gazetaesportiva.com\/michellegiannella\/wp-json\/wp\/v2\/categories?post=4795"},{"taxonomy":"post_tag","embeddable":true,"href":"https:\/\/blogs.gazetaesportiva.com\/michellegiannella\/wp-json\/wp\/v2\/tags?post=4795"}],"curies":[{"name":"wp","href":"https:\/\/api.w.org\/{rel}","templated":true}]}}