{"id":4790,"date":"2018-05-17T16:53:55","date_gmt":"2018-05-17T19:53:55","guid":{"rendered":"https:\/\/blogs.gazetaesportiva.com\/michellegiannella\/?p=4790"},"modified":"2018-05-17T17:14:49","modified_gmt":"2018-05-17T20:14:49","slug":"ah-se-eu-fosse-o-carille","status":"publish","type":"post","link":"https:\/\/blogs.gazetaesportiva.com\/michellegiannella\/2018\/05\/17\/ah-se-eu-fosse-o-carille\/","title":{"rendered":"Ah se eu fosse o Carille&#8230;"},"content":{"rendered":"<figure id=\"attachment_4792\" aria-describedby=\"caption-attachment-4792\" style=\"width: 916px\" class=\"wp-caption aligncenter\"><a href=\"https:\/\/blogs.gazetaesportiva.com\/michellegiannella\/files\/2018\/05\/carille.jpg\"><img loading=\"lazy\" decoding=\"async\" class=\" wp-image-4792\" src=\"https:\/\/blogs.gazetaesportiva.com\/michellegiannella\/files\/2018\/05\/carille.jpg\" alt=\"\" width=\"916\" height=\"322\" srcset=\"https:\/\/blogs.gazetaesportiva.com\/michellegiannella\/files\/2018\/05\/carille.jpg 879w, https:\/\/blogs.gazetaesportiva.com\/michellegiannella\/files\/2018\/05\/carille-300x105.jpg 300w, https:\/\/blogs.gazetaesportiva.com\/michellegiannella\/files\/2018\/05\/carille-768x270.jpg 768w\" sizes=\"auto, (max-width: 916px) 100vw, 916px\" \/><\/a><figcaption id=\"caption-attachment-4792\" class=\"wp-caption-text\">Foto: Gazeta Press<\/figcaption><\/figure>\n<p>Doce situa\u00e7\u00e3o essa do treinador F\u00e1bio Carille.<\/p>\n<p>Se ficar, pode se consagrar ainda mais como um dos melhores t\u00e9cnicos da nova gera\u00e7\u00e3o no Brasil dando mais t\u00edtulos ao Corinthians e pavimentando uma trilha de ainda mais sucesso para seu futuro. Mas tamb\u00e9m, se perder alguns jogos ou n\u00e3o fizer jogos consistentes, pode ver seu emprego amea\u00e7ado, por mais que j\u00e1 tenha conquistado um t\u00edtulo no ano. Todo mundo sabe como funciona o futebol brasileiro.<\/p>\n<p>Se for embora para a Ar\u00e1bia Saudita vai ficar milion\u00e1rio e n\u00e3o precisar\u00e1 se preocupar com a vida dos netos, bisnetos, tataranetos&#8230; Mais de 11 milh\u00f5es de reais por ano e contrato de 3 anos. Voltaria pro Brasil com a vida feita, futuro garantido.<\/p>\n<p>Por mais que o Corinthians seja parte da vida e da hist\u00f3ria de Carille, ele j\u00e1 faz parte da hist\u00f3ria do Tim\u00e3o e j\u00e1 tem seu nome escrito no clube. Sairia por cima e deixaria as portas abertas para um poss\u00edvel retorno no futuro. Se fosse eu. pensaria uma vez e pronto. Faria as malas em julho e iria embora&#8230;<\/p>\n<p>Doce d\u00favida a de F\u00e1bio Carille&#8230;<\/p>\n<p>E voc\u00ea? Faria o qu\u00ea? Quero ler seu coment\u00e1rio&#8230;<\/p>\n<p>&nbsp;<\/p>\n","protected":false},"excerpt":{"rendered":"<p>Doce situa\u00e7\u00e3o essa do treinador F\u00e1bio Carille. Se ficar, pode se consagrar ainda mais como um dos melhores t\u00e9cnicos da nova gera\u00e7\u00e3o no Brasil dando <a class=\"read-more\" href=\"https:\/\/blogs.gazetaesportiva.com\/michellegiannella\/2018\/05\/17\/ah-se-eu-fosse-o-carille\/\">leia mais<\/a><\/p>\n","protected":false},"author":14,"featured_media":4792,"comment_status":"open","ping_status":"open","sticky":false,"template":"","format":"standard","meta":{"jetpack_post_was_ever_published":false,"_jetpack_newsletter_access":"","_jetpack_dont_email_post_to_subs":false,"_jetpack_newsletter_tier_id":0,"_jetpack_memberships_contains_paywalled_content":false,"_jetpack_memberships_contains_paid_content":false,"footnotes":"","jetpack_publicize_message":"","jetpack_publicize_feature_enabled":true,"jetpack_social_post_already_shared":true,"jetpack_social_options":{"image_generator_settings":{"template":"highway","default_image_id":0,"font":"","enabled":false},"version":2}},"categories":[1],"tags":[],"class_list":["post-4790","post","type-post","status-publish","format-standard","has-post-thumbnail","hentry","category-sem-categoria"],"jetpack_publicize_connections":[],"jetpack_featured_media_url":"https:\/\/blogs.gazetaesportiva.com\/michellegiannella\/files\/2018\/05\/carille.jpg","jetpack_sharing_enabled":true,"jetpack_shortlink":"https:\/\/wp.me\/p6rrMZ-1fg","_links":{"self":[{"href":"https:\/\/blogs.gazetaesportiva.com\/michellegiannella\/wp-json\/wp\/v2\/posts\/4790","targetHints":{"allow":["GET"]}}],"collection":[{"href":"https:\/\/blogs.gazetaesportiva.com\/michellegiannella\/wp-json\/wp\/v2\/posts"}],"about":[{"href":"https:\/\/blogs.gazetaesportiva.com\/michellegiannella\/wp-json\/wp\/v2\/types\/post"}],"author":[{"embeddable":true,"href":"https:\/\/blogs.gazetaesportiva.com\/michellegiannella\/wp-json\/wp\/v2\/users\/14"}],"replies":[{"embeddable":true,"href":"https:\/\/blogs.gazetaesportiva.com\/michellegiannella\/wp-json\/wp\/v2\/comments?post=4790"}],"version-history":[{"count":0,"href":"https:\/\/blogs.gazetaesportiva.com\/michellegiannella\/wp-json\/wp\/v2\/posts\/4790\/revisions"}],"wp:featuredmedia":[{"embeddable":true,"href":"https:\/\/blogs.gazetaesportiva.com\/michellegiannella\/wp-json\/wp\/v2\/media\/4792"}],"wp:attachment":[{"href":"https:\/\/blogs.gazetaesportiva.com\/michellegiannella\/wp-json\/wp\/v2\/media?parent=4790"}],"wp:term":[{"taxonomy":"category","embeddable":true,"href":"https:\/\/blogs.gazetaesportiva.com\/michellegiannella\/wp-json\/wp\/v2\/categories?post=4790"},{"taxonomy":"post_tag","embeddable":true,"href":"https:\/\/blogs.gazetaesportiva.com\/michellegiannella\/wp-json\/wp\/v2\/tags?post=4790"}],"curies":[{"name":"wp","href":"https:\/\/api.w.org\/{rel}","templated":true}]}}