{"id":4786,"date":"2018-05-06T21:38:26","date_gmt":"2018-05-07T00:38:26","guid":{"rendered":"https:\/\/blogs.gazetaesportiva.com\/michellegiannella\/?p=4786"},"modified":"2018-05-07T01:35:19","modified_gmt":"2018-05-07T04:35:19","slug":"6-razoes-para-a-vitoria-do-palmeiras-sobre-o-atletico-pr","status":"publish","type":"post","link":"https:\/\/blogs.gazetaesportiva.com\/michellegiannella\/2018\/05\/06\/6-razoes-para-a-vitoria-do-palmeiras-sobre-o-atletico-pr\/","title":{"rendered":"6 raz\u00f5es para a vit\u00f3ria do Palmeiras sobre o Atl\u00e9tico-PR\u00a0"},"content":{"rendered":"<figure id=\"attachment_4787\" aria-describedby=\"caption-attachment-4787\" style=\"width: 1500px\" class=\"wp-caption aligncenter\"><a href=\"https:\/\/blogs.gazetaesportiva.com\/michellegiannella\/files\/2018\/05\/41219788204_ae3b64bf25_o.jpg\"><img loading=\"lazy\" decoding=\"async\" class=\"size-full wp-image-4787\" src=\"https:\/\/blogs.gazetaesportiva.com\/michellegiannella\/files\/2018\/05\/41219788204_ae3b64bf25_o.jpg\" alt=\"\" width=\"1500\" height=\"932\" srcset=\"https:\/\/blogs.gazetaesportiva.com\/michellegiannella\/files\/2018\/05\/41219788204_ae3b64bf25_o.jpg 1500w, https:\/\/blogs.gazetaesportiva.com\/michellegiannella\/files\/2018\/05\/41219788204_ae3b64bf25_o-300x186.jpg 300w, https:\/\/blogs.gazetaesportiva.com\/michellegiannella\/files\/2018\/05\/41219788204_ae3b64bf25_o-768x477.jpg 768w, https:\/\/blogs.gazetaesportiva.com\/michellegiannella\/files\/2018\/05\/41219788204_ae3b64bf25_o-1024x636.jpg 1024w\" sizes=\"auto, (max-width: 1500px) 100vw, 1500px\" \/><\/a><figcaption id=\"caption-attachment-4787\" class=\"wp-caption-text\">O t\u00e9cnico Roger Machado, do Palmeiras, em jogo contra o Atl\u00e9tico-PR (Foto: Cesar Greco\/SEP)<\/figcaption><\/figure>\n<p>1 &#8211; Roger Machado estudou muito a equipe advers\u00e1ria, que seguia invenc\u00edvel nas \u00faltimas 17 partidas na Arena da Baixada, e conseguiu uma vit\u00f3ria importante.<\/p>\n<p>2 &#8211; O jogo coletivo do Palmeiras foi muito bom.<\/p>\n<p>3 &#8211; Roger Machado acertou quando quase no fim do primeiro tempo pediu mais movimenta\u00e7\u00e3o dos atacantes, o que gerou o gol de Bruno Henrique.<\/p>\n<p>4 &#8211; Para os jogadores terem f\u00f4lego, a marca\u00e7\u00e3o do Palmeiras, em cima do advers\u00e1rio no segundo tempo quando n\u00e3o tinha bola, come\u00e7ou a partir do meio-campo.<\/p>\n<p>5 &#8211; Cobran\u00e7as de escanteio ensaiadas ajudaram o time.<\/p>\n<p>6 &#8211; Palmeiras segue numa \u00f3tima fase fora de casa.<\/p>\n<p>&nbsp;<\/p>\n<p>&nbsp;<\/p>\n","protected":false},"excerpt":{"rendered":"<p>1 &#8211; Roger Machado estudou muito a equipe advers\u00e1ria, que seguia invenc\u00edvel nas \u00faltimas 17 partidas na Arena da Baixada, e conseguiu uma vit\u00f3ria importante. <a class=\"read-more\" href=\"https:\/\/blogs.gazetaesportiva.com\/michellegiannella\/2018\/05\/06\/6-razoes-para-a-vitoria-do-palmeiras-sobre-o-atletico-pr\/\">leia mais<\/a><\/p>\n","protected":false},"author":14,"featured_media":4787,"comment_status":"open","ping_status":"open","sticky":false,"template":"","format":"standard","meta":{"jetpack_post_was_ever_published":false,"_jetpack_newsletter_access":"","_jetpack_dont_email_post_to_subs":false,"_jetpack_newsletter_tier_id":0,"_jetpack_memberships_contains_paywalled_content":false,"_jetpack_memberships_contains_paid_content":false,"footnotes":"","jetpack_publicize_message":"","jetpack_publicize_feature_enabled":true,"jetpack_social_post_already_shared":true,"jetpack_social_options":{"image_generator_settings":{"template":"highway","default_image_id":0,"font":"","enabled":false},"version":2}},"categories":[1],"tags":[],"class_list":["post-4786","post","type-post","status-publish","format-standard","has-post-thumbnail","hentry","category-sem-categoria"],"jetpack_publicize_connections":[],"jetpack_featured_media_url":"https:\/\/blogs.gazetaesportiva.com\/michellegiannella\/files\/2018\/05\/41219788204_ae3b64bf25_o.jpg","jetpack_sharing_enabled":true,"jetpack_shortlink":"https:\/\/wp.me\/p6rrMZ-1fc","_links":{"self":[{"href":"https:\/\/blogs.gazetaesportiva.com\/michellegiannella\/wp-json\/wp\/v2\/posts\/4786","targetHints":{"allow":["GET"]}}],"collection":[{"href":"https:\/\/blogs.gazetaesportiva.com\/michellegiannella\/wp-json\/wp\/v2\/posts"}],"about":[{"href":"https:\/\/blogs.gazetaesportiva.com\/michellegiannella\/wp-json\/wp\/v2\/types\/post"}],"author":[{"embeddable":true,"href":"https:\/\/blogs.gazetaesportiva.com\/michellegiannella\/wp-json\/wp\/v2\/users\/14"}],"replies":[{"embeddable":true,"href":"https:\/\/blogs.gazetaesportiva.com\/michellegiannella\/wp-json\/wp\/v2\/comments?post=4786"}],"version-history":[{"count":0,"href":"https:\/\/blogs.gazetaesportiva.com\/michellegiannella\/wp-json\/wp\/v2\/posts\/4786\/revisions"}],"wp:featuredmedia":[{"embeddable":true,"href":"https:\/\/blogs.gazetaesportiva.com\/michellegiannella\/wp-json\/wp\/v2\/media\/4787"}],"wp:attachment":[{"href":"https:\/\/blogs.gazetaesportiva.com\/michellegiannella\/wp-json\/wp\/v2\/media?parent=4786"}],"wp:term":[{"taxonomy":"category","embeddable":true,"href":"https:\/\/blogs.gazetaesportiva.com\/michellegiannella\/wp-json\/wp\/v2\/categories?post=4786"},{"taxonomy":"post_tag","embeddable":true,"href":"https:\/\/blogs.gazetaesportiva.com\/michellegiannella\/wp-json\/wp\/v2\/tags?post=4786"}],"curies":[{"name":"wp","href":"https:\/\/api.w.org\/{rel}","templated":true}]}}