{"id":4783,"date":"2018-05-04T15:52:13","date_gmt":"2018-05-04T18:52:13","guid":{"rendered":"https:\/\/blogs.gazetaesportiva.com\/michellegiannella\/?p=4783"},"modified":"2018-05-04T16:10:49","modified_gmt":"2018-05-04T19:10:49","slug":"entenda-como-neymar-impactou-nas-vendas-de-psg-e-barcelona","status":"publish","type":"post","link":"https:\/\/blogs.gazetaesportiva.com\/michellegiannella\/2018\/05\/04\/entenda-como-neymar-impactou-nas-vendas-de-psg-e-barcelona\/","title":{"rendered":"Entenda como Neymar impactou nas vendas de PSG e Barcelona"},"content":{"rendered":"<div align=\"justify\">\n<figure id=\"attachment_4785\" aria-describedby=\"caption-attachment-4785\" style=\"width: 768px\" class=\"wp-caption aligncenter\"><a href=\"https:\/\/blogs.gazetaesportiva.com\/michellegiannella\/files\/2018\/05\/000_14D4BH.jpg\"><img loading=\"lazy\" decoding=\"async\" class=\"size-full wp-image-4785\" src=\"https:\/\/blogs.gazetaesportiva.com\/michellegiannella\/files\/2018\/05\/000_14D4BH.jpg\" alt=\"\" width=\"768\" height=\"483\" srcset=\"https:\/\/blogs.gazetaesportiva.com\/michellegiannella\/files\/2018\/05\/000_14D4BH.jpg 768w, https:\/\/blogs.gazetaesportiva.com\/michellegiannella\/files\/2018\/05\/000_14D4BH-300x189.jpg 300w\" sizes=\"auto, (max-width: 768px) 100vw, 768px\" \/><\/a><figcaption id=\"caption-attachment-4785\" class=\"wp-caption-text\">Foto: FRANCK FIFE\/AFP<\/figcaption><\/figure>\n<p>No dia 06 de maio, Barcelona e Real Madrid se encontram novamente em campo para mais um Cl\u00e1ssico espanhol. Na maior plataforma de compra e venda de ingressos do mundo, a StubHub, essa foi a partida de futebol estrangeiro mais vendida para brasileiros antes do mundial da R\u00fassia. D\u00ea uma olhadinha agora nas partidas de futebol estrangeiro mais compradas por brasileiros antes do mundial:<\/p><\/div>\n<div align=\"justify\"><\/div>\n<div align=\"justify\"><span style=\"color: #333333;\">Jogo<\/span><br \/>\n<span style=\"color: #333333;\"> Cl\u00e1ssico: Barcelona x Real Madrid<\/span><br \/>\n<span style=\"color: #333333;\"> 06 de maio<\/span><br \/>\n<span style=\"color: #333333;\"> Final Champions League 2018<\/span><br \/>\n<span style=\"color: #333333;\"> 26 de maio<\/span><br \/>\n<span style=\"color: #333333;\"> Paris Saint Germain (PSG) x Rennes<\/span><br \/>\n<span style=\"color: #333333;\"> 12 de maio<\/span><br \/>\n<span style=\"color: #333333;\"> Roma x Juventus<\/span><br \/>\n<span style=\"color: #333333;\"> 12 de maio<\/span><br \/>\n<span style=\"color: #333333;\"> Barcelona x Real Sociedad<\/span><br \/>\n<span style=\"color: #333333;\"> 20 de maio<\/span><\/div>\n<p>A ida de Neymar do Barcelona ao PSG impactou nas vendas de ambos os times, segundo Daniela Marques, gerente de rela\u00e7\u00f5es p\u00fablicas da StubHub no Brasil.\u00a0\u201cComparando os primeiros quatro meses de 2018 com o mesmo per\u00edodo em 2017, vimos que a venda de ingressos do Barcelona para brasileiros caiu pela metade, ao passo que a do PSG aumentou tr\u00eas vezes\u201d. Neymar \u00e9 um dos jogadores mais populares do futebol brasileiro atual.<\/p>\n<p>Perfil dos f\u00e3s brasileiros do Cl\u00e1ssico<\/p>\n<p>75% do p\u00fablico brasileiro que comprou ingressos para o evento \u00e9 masculino, contra 25% de mulheres. Quanto \u00e0 idade, os jovens representam a maior fatia: 60% dos ingressos foram vendidos para um p\u00fablico de entre 18 e 34 anos e os 40% restantes para um p\u00fablico de mais de 35 anos.<\/p>\n<p>&nbsp;<\/p>\n","protected":false},"excerpt":{"rendered":"<p>No dia 06 de maio, Barcelona e Real Madrid se encontram novamente em campo para mais um Cl\u00e1ssico espanhol. Na maior plataforma de compra e <a class=\"read-more\" href=\"https:\/\/blogs.gazetaesportiva.com\/michellegiannella\/2018\/05\/04\/entenda-como-neymar-impactou-nas-vendas-de-psg-e-barcelona\/\">leia mais<\/a><\/p>\n","protected":false},"author":14,"featured_media":4785,"comment_status":"open","ping_status":"open","sticky":false,"template":"","format":"standard","meta":{"jetpack_post_was_ever_published":false,"_jetpack_newsletter_access":"","_jetpack_dont_email_post_to_subs":false,"_jetpack_newsletter_tier_id":0,"_jetpack_memberships_contains_paywalled_content":false,"_jetpack_memberships_contains_paid_content":false,"footnotes":"","jetpack_publicize_message":"","jetpack_publicize_feature_enabled":true,"jetpack_social_post_already_shared":true,"jetpack_social_options":{"image_generator_settings":{"template":"highway","default_image_id":0,"font":"","enabled":false},"version":2}},"categories":[1],"tags":[],"class_list":["post-4783","post","type-post","status-publish","format-standard","has-post-thumbnail","hentry","category-sem-categoria"],"jetpack_publicize_connections":[],"jetpack_featured_media_url":"https:\/\/blogs.gazetaesportiva.com\/michellegiannella\/files\/2018\/05\/000_14D4BH.jpg","jetpack_sharing_enabled":true,"jetpack_shortlink":"https:\/\/wp.me\/p6rrMZ-1f9","_links":{"self":[{"href":"https:\/\/blogs.gazetaesportiva.com\/michellegiannella\/wp-json\/wp\/v2\/posts\/4783","targetHints":{"allow":["GET"]}}],"collection":[{"href":"https:\/\/blogs.gazetaesportiva.com\/michellegiannella\/wp-json\/wp\/v2\/posts"}],"about":[{"href":"https:\/\/blogs.gazetaesportiva.com\/michellegiannella\/wp-json\/wp\/v2\/types\/post"}],"author":[{"embeddable":true,"href":"https:\/\/blogs.gazetaesportiva.com\/michellegiannella\/wp-json\/wp\/v2\/users\/14"}],"replies":[{"embeddable":true,"href":"https:\/\/blogs.gazetaesportiva.com\/michellegiannella\/wp-json\/wp\/v2\/comments?post=4783"}],"version-history":[{"count":0,"href":"https:\/\/blogs.gazetaesportiva.com\/michellegiannella\/wp-json\/wp\/v2\/posts\/4783\/revisions"}],"wp:featuredmedia":[{"embeddable":true,"href":"https:\/\/blogs.gazetaesportiva.com\/michellegiannella\/wp-json\/wp\/v2\/media\/4785"}],"wp:attachment":[{"href":"https:\/\/blogs.gazetaesportiva.com\/michellegiannella\/wp-json\/wp\/v2\/media?parent=4783"}],"wp:term":[{"taxonomy":"category","embeddable":true,"href":"https:\/\/blogs.gazetaesportiva.com\/michellegiannella\/wp-json\/wp\/v2\/categories?post=4783"},{"taxonomy":"post_tag","embeddable":true,"href":"https:\/\/blogs.gazetaesportiva.com\/michellegiannella\/wp-json\/wp\/v2\/tags?post=4783"}],"curies":[{"name":"wp","href":"https:\/\/api.w.org\/{rel}","templated":true}]}}