{"id":4773,"date":"2018-04-18T16:09:59","date_gmt":"2018-04-18T19:09:59","guid":{"rendered":"https:\/\/blogs.gazetaesportiva.com\/michellegiannella\/?p=4773"},"modified":"2018-04-18T18:12:31","modified_gmt":"2018-04-18T21:12:31","slug":"grande-desafio-para-o-corinthians","status":"publish","type":"post","link":"https:\/\/blogs.gazetaesportiva.com\/michellegiannella\/2018\/04\/18\/grande-desafio-para-o-corinthians\/","title":{"rendered":"Grande desafio para o Corinthians"},"content":{"rendered":"<figure id=\"attachment_4776\" aria-describedby=\"caption-attachment-4776\" style=\"width: 2048px\" class=\"wp-caption aligncenter\"><a href=\"https:\/\/blogs.gazetaesportiva.com\/michellegiannella\/files\/2018\/04\/A3790F131471.jpg\"><img loading=\"lazy\" decoding=\"async\" class=\"size-full wp-image-4776\" src=\"https:\/\/blogs.gazetaesportiva.com\/michellegiannella\/files\/2018\/04\/A3790F131471.jpg\" alt=\"\" width=\"2048\" height=\"1365\" srcset=\"https:\/\/blogs.gazetaesportiva.com\/michellegiannella\/files\/2018\/04\/A3790F131471.jpg 2048w, https:\/\/blogs.gazetaesportiva.com\/michellegiannella\/files\/2018\/04\/A3790F131471-300x200.jpg 300w, https:\/\/blogs.gazetaesportiva.com\/michellegiannella\/files\/2018\/04\/A3790F131471-768x512.jpg 768w, https:\/\/blogs.gazetaesportiva.com\/michellegiannella\/files\/2018\/04\/A3790F131471-1024x683.jpg 1024w, https:\/\/blogs.gazetaesportiva.com\/michellegiannella\/files\/2018\/04\/A3790F131471-120x80.jpg 120w\" sizes=\"auto, (max-width: 2048px) 100vw, 2048px\" \/><\/a><figcaption id=\"caption-attachment-4776\" class=\"wp-caption-text\">(Foto: Daniel Augusto Jr.\/Ag. Corinthians)<\/figcaption><\/figure>\n<p>Jogo grande.<\/p>\n<p>Corinthians x Independiente, fora de casa, hoje \u00e9 um grande desafio para o Corinthians.<\/p>\n<p>O Independiente fez uma final da Sulamericana contra o Flamengo, foi campe\u00e3o. N\u00e3o \u00e9 um time fraco ou inexperiente como outros na competi\u00e7\u00e3o. \u00c9 o maior campe\u00e3o da hist\u00f3ria do torneio com sete t\u00edtulos. A parada vai ser dura.<\/p>\n<p>Em compensa\u00e7\u00e3o, o Corinthians tem o retorno de Jadson, Precisamos ver como ele vai voltar pro jogo, se ter\u00e1 ritmo e velocidade. O importante mesmo \u00e9 ter mais uma op\u00e7\u00e3o para os advers\u00e1rios marcarem ali no meio, deixando Rodriguinho mais solto e com mais liberdade para chegar na \u00e1rea&#8230;\u00a0 Porque quando chegar na \u00e1rea, toca pra ele que \u00e9 caixa! O menino vive uma fase de ouro!<\/p>\n<p>&nbsp;<\/p>\n","protected":false},"excerpt":{"rendered":"<p>Jogo grande. Corinthians x Independiente, fora de casa, hoje \u00e9 um grande desafio para o Corinthians. O Independiente fez uma final da Sulamericana contra o <a class=\"read-more\" href=\"https:\/\/blogs.gazetaesportiva.com\/michellegiannella\/2018\/04\/18\/grande-desafio-para-o-corinthians\/\">leia mais<\/a><\/p>\n","protected":false},"author":14,"featured_media":4776,"comment_status":"open","ping_status":"open","sticky":false,"template":"","format":"standard","meta":{"jetpack_post_was_ever_published":false,"_jetpack_newsletter_access":"","_jetpack_dont_email_post_to_subs":false,"_jetpack_newsletter_tier_id":0,"_jetpack_memberships_contains_paywalled_content":false,"_jetpack_memberships_contains_paid_content":false,"footnotes":"","jetpack_publicize_message":"","jetpack_publicize_feature_enabled":true,"jetpack_social_post_already_shared":true,"jetpack_social_options":{"image_generator_settings":{"template":"highway","default_image_id":0,"font":"","enabled":false},"version":2}},"categories":[1],"tags":[],"class_list":["post-4773","post","type-post","status-publish","format-standard","has-post-thumbnail","hentry","category-sem-categoria"],"jetpack_publicize_connections":[],"jetpack_featured_media_url":"https:\/\/blogs.gazetaesportiva.com\/michellegiannella\/files\/2018\/04\/A3790F131471.jpg","jetpack_sharing_enabled":true,"jetpack_shortlink":"https:\/\/wp.me\/p6rrMZ-1eZ","_links":{"self":[{"href":"https:\/\/blogs.gazetaesportiva.com\/michellegiannella\/wp-json\/wp\/v2\/posts\/4773","targetHints":{"allow":["GET"]}}],"collection":[{"href":"https:\/\/blogs.gazetaesportiva.com\/michellegiannella\/wp-json\/wp\/v2\/posts"}],"about":[{"href":"https:\/\/blogs.gazetaesportiva.com\/michellegiannella\/wp-json\/wp\/v2\/types\/post"}],"author":[{"embeddable":true,"href":"https:\/\/blogs.gazetaesportiva.com\/michellegiannella\/wp-json\/wp\/v2\/users\/14"}],"replies":[{"embeddable":true,"href":"https:\/\/blogs.gazetaesportiva.com\/michellegiannella\/wp-json\/wp\/v2\/comments?post=4773"}],"version-history":[{"count":0,"href":"https:\/\/blogs.gazetaesportiva.com\/michellegiannella\/wp-json\/wp\/v2\/posts\/4773\/revisions"}],"wp:featuredmedia":[{"embeddable":true,"href":"https:\/\/blogs.gazetaesportiva.com\/michellegiannella\/wp-json\/wp\/v2\/media\/4776"}],"wp:attachment":[{"href":"https:\/\/blogs.gazetaesportiva.com\/michellegiannella\/wp-json\/wp\/v2\/media?parent=4773"}],"wp:term":[{"taxonomy":"category","embeddable":true,"href":"https:\/\/blogs.gazetaesportiva.com\/michellegiannella\/wp-json\/wp\/v2\/categories?post=4773"},{"taxonomy":"post_tag","embeddable":true,"href":"https:\/\/blogs.gazetaesportiva.com\/michellegiannella\/wp-json\/wp\/v2\/tags?post=4773"}],"curies":[{"name":"wp","href":"https:\/\/api.w.org\/{rel}","templated":true}]}}