{"id":4767,"date":"2018-03-23T16:33:07","date_gmt":"2018-03-23T19:33:07","guid":{"rendered":"https:\/\/blogs.gazetaesportiva.com\/michellegiannella\/?p=4767"},"modified":"2018-03-23T16:43:45","modified_gmt":"2018-03-23T19:43:45","slug":"7-pontos-sobre-o-classico-russia-x-brasil","status":"publish","type":"post","link":"https:\/\/blogs.gazetaesportiva.com\/michellegiannella\/2018\/03\/23\/7-pontos-sobre-o-classico-russia-x-brasil\/","title":{"rendered":"7 pontos sobre o cl\u00e1ssico R\u00fassia x Brasil"},"content":{"rendered":"<figure id=\"attachment_4769\" aria-describedby=\"caption-attachment-4769\" style=\"width: 1200px\" class=\"wp-caption aligncenter\"><a href=\"https:\/\/blogs.gazetaesportiva.com\/michellegiannella\/files\/2018\/03\/douglascosta.jpg\"><img loading=\"lazy\" decoding=\"async\" class=\"size-full wp-image-4769\" src=\"https:\/\/blogs.gazetaesportiva.com\/michellegiannella\/files\/2018\/03\/douglascosta.jpg\" alt=\"\" width=\"1200\" height=\"800\" srcset=\"https:\/\/blogs.gazetaesportiva.com\/michellegiannella\/files\/2018\/03\/douglascosta.jpg 1200w, https:\/\/blogs.gazetaesportiva.com\/michellegiannella\/files\/2018\/03\/douglascosta-300x200.jpg 300w, https:\/\/blogs.gazetaesportiva.com\/michellegiannella\/files\/2018\/03\/douglascosta-768x512.jpg 768w, https:\/\/blogs.gazetaesportiva.com\/michellegiannella\/files\/2018\/03\/douglascosta-1024x683.jpg 1024w, https:\/\/blogs.gazetaesportiva.com\/michellegiannella\/files\/2018\/03\/douglascosta-120x80.jpg 120w\" sizes=\"auto, (max-width: 1200px) 100vw, 1200px\" \/><\/a><figcaption id=\"caption-attachment-4769\" class=\"wp-caption-text\">Foto: Kirill KUDRYAVTSEV\/AFP<\/figcaption><\/figure>\n<ol>\n<li>O time russo era fr\u00e1gil tecnicamente, ent\u00e3o uma vit\u00f3ria brasileira era esperada e importante pra equipe.<\/li>\n<li>O Brasil no primeiro tempo foi impreciso nos passes e cruzamentos dos laterais.<\/li>\n<li>Felizmente no segundo tempo, o time de Tite acordou e conseguiu contragolpes r\u00e1pidos.<\/li>\n<li>Sem minimizar os 3 a 0, vit\u00f3ria \u00e0s v\u00e9speras de Copa sempre serve pra dar uma moral.<\/li>\n<li>Douglas Costa entrou no lugar de Neymar e foi o melhor em campo.<\/li>\n<li>Sendo assim&#8230; Neymar n\u00e3o fez falta neste <strong>amistoso<\/strong>, mas como eu ressaltei, \u00e9 um amistoso. E pra isso serve aquela frase: jogo \u00e9 jogo, treino \u00e9 treino. Aqui estamos mais para um treino, ok?<\/li>\n<li>A partida serviu pra aquecer os \u00e2nimos pro jogo contra a Alemanha. Outro n\u00edvel de equipe, favorita pra Copa, mas mesmo assim, amistoso \u00e9 amistoso e Copa do Mundo, \u00e9 vida ou morte.<\/li>\n<\/ol>\n","protected":false},"excerpt":{"rendered":"<p>O time russo era fr\u00e1gil tecnicamente, ent\u00e3o uma vit\u00f3ria brasileira era esperada e importante pra equipe. O Brasil no primeiro tempo foi impreciso nos passes <a class=\"read-more\" href=\"https:\/\/blogs.gazetaesportiva.com\/michellegiannella\/2018\/03\/23\/7-pontos-sobre-o-classico-russia-x-brasil\/\">leia mais<\/a><\/p>\n","protected":false},"author":14,"featured_media":4769,"comment_status":"open","ping_status":"open","sticky":false,"template":"","format":"standard","meta":{"jetpack_post_was_ever_published":false,"_jetpack_newsletter_access":"","_jetpack_dont_email_post_to_subs":false,"_jetpack_newsletter_tier_id":0,"_jetpack_memberships_contains_paywalled_content":false,"_jetpack_memberships_contains_paid_content":false,"footnotes":"","jetpack_publicize_message":"","jetpack_publicize_feature_enabled":true,"jetpack_social_post_already_shared":true,"jetpack_social_options":{"image_generator_settings":{"template":"highway","default_image_id":0,"font":"","enabled":false},"version":2}},"categories":[1],"tags":[],"class_list":["post-4767","post","type-post","status-publish","format-standard","has-post-thumbnail","hentry","category-sem-categoria"],"jetpack_publicize_connections":[],"jetpack_featured_media_url":"https:\/\/blogs.gazetaesportiva.com\/michellegiannella\/files\/2018\/03\/douglascosta.jpg","jetpack_sharing_enabled":true,"jetpack_shortlink":"https:\/\/wp.me\/p6rrMZ-1eT","_links":{"self":[{"href":"https:\/\/blogs.gazetaesportiva.com\/michellegiannella\/wp-json\/wp\/v2\/posts\/4767","targetHints":{"allow":["GET"]}}],"collection":[{"href":"https:\/\/blogs.gazetaesportiva.com\/michellegiannella\/wp-json\/wp\/v2\/posts"}],"about":[{"href":"https:\/\/blogs.gazetaesportiva.com\/michellegiannella\/wp-json\/wp\/v2\/types\/post"}],"author":[{"embeddable":true,"href":"https:\/\/blogs.gazetaesportiva.com\/michellegiannella\/wp-json\/wp\/v2\/users\/14"}],"replies":[{"embeddable":true,"href":"https:\/\/blogs.gazetaesportiva.com\/michellegiannella\/wp-json\/wp\/v2\/comments?post=4767"}],"version-history":[{"count":0,"href":"https:\/\/blogs.gazetaesportiva.com\/michellegiannella\/wp-json\/wp\/v2\/posts\/4767\/revisions"}],"wp:featuredmedia":[{"embeddable":true,"href":"https:\/\/blogs.gazetaesportiva.com\/michellegiannella\/wp-json\/wp\/v2\/media\/4769"}],"wp:attachment":[{"href":"https:\/\/blogs.gazetaesportiva.com\/michellegiannella\/wp-json\/wp\/v2\/media?parent=4767"}],"wp:term":[{"taxonomy":"category","embeddable":true,"href":"https:\/\/blogs.gazetaesportiva.com\/michellegiannella\/wp-json\/wp\/v2\/categories?post=4767"},{"taxonomy":"post_tag","embeddable":true,"href":"https:\/\/blogs.gazetaesportiva.com\/michellegiannella\/wp-json\/wp\/v2\/tags?post=4767"}],"curies":[{"name":"wp","href":"https:\/\/api.w.org\/{rel}","templated":true}]}}