{"id":4748,"date":"2018-03-14T18:06:57","date_gmt":"2018-03-14T21:06:57","guid":{"rendered":"https:\/\/blogs.gazetaesportiva.com\/michellegiannella\/?p=4748"},"modified":"2018-03-14T19:26:50","modified_gmt":"2018-03-14T22:26:50","slug":"em-busca-de-camisa-9-corinthians-mira-samuel-etoo","status":"publish","type":"post","link":"https:\/\/blogs.gazetaesportiva.com\/michellegiannella\/2018\/03\/14\/em-busca-de-camisa-9-corinthians-mira-samuel-etoo\/","title":{"rendered":"Em busca de camisa 9, Corinthians mira Samuel Eto\u2019o"},"content":{"rendered":"<figure id=\"attachment_4749\" aria-describedby=\"caption-attachment-4749\" style=\"width: 1200px\" class=\"wp-caption aligncenter\"><a href=\"https:\/\/blogs.gazetaesportiva.com\/michellegiannella\/files\/2018\/03\/etoo_afp.jpg\"><img loading=\"lazy\" decoding=\"async\" class=\"size-full wp-image-4749\" src=\"https:\/\/blogs.gazetaesportiva.com\/michellegiannella\/files\/2018\/03\/etoo_afp.jpg\" alt=\"\" width=\"1200\" height=\"682\" srcset=\"https:\/\/blogs.gazetaesportiva.com\/michellegiannella\/files\/2018\/03\/etoo_afp.jpg 1200w, https:\/\/blogs.gazetaesportiva.com\/michellegiannella\/files\/2018\/03\/etoo_afp-300x171.jpg 300w, https:\/\/blogs.gazetaesportiva.com\/michellegiannella\/files\/2018\/03\/etoo_afp-768x436.jpg 768w, https:\/\/blogs.gazetaesportiva.com\/michellegiannella\/files\/2018\/03\/etoo_afp-1024x582.jpg 1024w\" sizes=\"auto, (max-width: 1200px) 100vw, 1200px\" \/><\/a><figcaption id=\"caption-attachment-4749\" class=\"wp-caption-text\">(Foto: AFP)<\/figcaption><\/figure>\n<p>Samuel Eto\u2019o pode ser o novo refor\u00e7o do Corinthians. A negocia\u00e7\u00e3o, tratada com extremo sigilo pela diretoria alvinegra, vem sendo liderada por Andr\u00e9s Sanchez, que v\u00ea no atacante camaron\u00eas n\u00e3o s\u00f3 uma possiblidade de acabar com a principal car\u00eancia do elenco de F\u00e1bio Carille, mas tamb\u00e9m de elevar a renda relacionada ao marketing do clube, como foi feito com Ronaldo, em 2009.<\/p>\n<p>Conforme a Gazeta Esportiva apurou, apenas o presidente Andr\u00e9s Sanchez, o diretor de futebol Du\u00edlio Alves e o t\u00e9cnico F\u00e1bio Carille sabem da possibilidade de Eto\u2019o desembarcar no Parque S\u00e3o Jorge.<\/p>\n<p>Em contato com o blog, a assessoria do Corinthians garantiu que n\u00e3o h\u00e1 qualquer possibilidade de o jogador ser contratado, ao menos por enquanto. Segundo o clube, o presidente Andr\u00e9s Sanchez apenas brincou com alguns jornalistas sobre o tema na sa\u00edda de um dos jogos da equipe h\u00e1 alguns dias.<\/p>\n<p>Carente de um camisa 9 ap\u00f3s a sa\u00edda de J\u00f4 para o Nagoya Grampus, do Jap\u00e3o, o Corinthians vem enfrentando dificuldades para achar um substituto ao artilheiro do Campeonato Brasileiro do ano passado. Kazim n\u00e3o conseguiu corresponder \u00e0s expectativas no in\u00edcio da atual temporada, e J\u00fanior Dutra tamb\u00e9m n\u00e3o convenceu Carille como homem de \u00e1rea, j\u00e1 que suas caracter\u00edsticas n\u00e3o s\u00e3o de um aut\u00eantico centroavante.<\/p>\n<p>Atualmente no Konyaspor, da Turquia, Samuel Eto\u2019o se mostrou interessado em atuar no futebol brasileiro. Al\u00e9m do Corinthians, o empres\u00e1rio do jogador negocia com alguns outros clubes do Pa\u00eds, por\u00e9m, ainda n\u00e3o h\u00e1 nada certo.<\/p>\n<p>O Corinthians tem o desejo de contar com o atacante, no entanto, seguindo a linha da gest\u00e3o de Roberto de Andrade, seu antecessor, Andr\u00e9s Sanchez n\u00e3o pretende fazer qualquer loucura para confirmar a contrata\u00e7\u00e3o do camaron\u00eas. O alto sal\u00e1rio seria uma barreira importante a ser superada pela diretoria alvinegra nas negocia\u00e7\u00f5es.<\/p>\n<p>Essa n\u00e3o seria a primeira vez que Andr\u00e9s Sanchez traria um nome de peso para refor\u00e7ar o Corinthians durante sua gest\u00e3o. Em 2009, surpreendendo a todos, o presidente do Tim\u00e3o anunciou a chegada de Ronaldo ao clube, e o atacante acabou recompensando o mandat\u00e1rio alvinegro com os t\u00edtulos paulista e da Copa do Brasil, ambos no ano de sua estreia pelo clube.<\/p>\n<figure id=\"attachment_4761\" aria-describedby=\"caption-attachment-4761\" style=\"width: 1024px\" class=\"wp-caption aligncenter\"><a href=\"https:\/\/blogs.gazetaesportiva.com\/michellegiannella\/files\/2018\/03\/animacao-etoo-v2.gif\"><img loading=\"lazy\" decoding=\"async\" class=\"size-full wp-image-4761\" src=\"https:\/\/blogs.gazetaesportiva.com\/michellegiannella\/files\/2018\/03\/animacao-etoo-v2.gif\" alt=\"\" width=\"1024\" height=\"768\" \/><\/a><figcaption id=\"caption-attachment-4761\" class=\"wp-caption-text\">(Fotos: AFP)<\/figcaption><\/figure>\n","protected":false},"excerpt":{"rendered":"<p>Samuel Eto\u2019o pode ser o novo refor\u00e7o do Corinthians. A negocia\u00e7\u00e3o, tratada com extremo sigilo pela diretoria alvinegra, vem sendo liderada por Andr\u00e9s Sanchez, que <a class=\"read-more\" href=\"https:\/\/blogs.gazetaesportiva.com\/michellegiannella\/2018\/03\/14\/em-busca-de-camisa-9-corinthians-mira-samuel-etoo\/\">leia mais<\/a><\/p>\n","protected":false},"author":3,"featured_media":4749,"comment_status":"open","ping_status":"open","sticky":false,"template":"","format":"standard","meta":{"jetpack_post_was_ever_published":false,"_jetpack_newsletter_access":"","_jetpack_dont_email_post_to_subs":false,"_jetpack_newsletter_tier_id":0,"_jetpack_memberships_contains_paywalled_content":false,"_jetpack_memberships_contains_paid_content":false,"footnotes":"","jetpack_publicize_message":"","jetpack_publicize_feature_enabled":true,"jetpack_social_post_already_shared":true,"jetpack_social_options":{"image_generator_settings":{"template":"highway","default_image_id":0,"font":"","enabled":false},"version":2}},"categories":[1],"tags":[],"class_list":["post-4748","post","type-post","status-publish","format-standard","has-post-thumbnail","hentry","category-sem-categoria"],"jetpack_publicize_connections":[],"jetpack_featured_media_url":"https:\/\/blogs.gazetaesportiva.com\/michellegiannella\/files\/2018\/03\/etoo_afp.jpg","jetpack_sharing_enabled":true,"jetpack_shortlink":"https:\/\/wp.me\/p6rrMZ-1eA","_links":{"self":[{"href":"https:\/\/blogs.gazetaesportiva.com\/michellegiannella\/wp-json\/wp\/v2\/posts\/4748","targetHints":{"allow":["GET"]}}],"collection":[{"href":"https:\/\/blogs.gazetaesportiva.com\/michellegiannella\/wp-json\/wp\/v2\/posts"}],"about":[{"href":"https:\/\/blogs.gazetaesportiva.com\/michellegiannella\/wp-json\/wp\/v2\/types\/post"}],"author":[{"embeddable":true,"href":"https:\/\/blogs.gazetaesportiva.com\/michellegiannella\/wp-json\/wp\/v2\/users\/3"}],"replies":[{"embeddable":true,"href":"https:\/\/blogs.gazetaesportiva.com\/michellegiannella\/wp-json\/wp\/v2\/comments?post=4748"}],"version-history":[{"count":0,"href":"https:\/\/blogs.gazetaesportiva.com\/michellegiannella\/wp-json\/wp\/v2\/posts\/4748\/revisions"}],"wp:featuredmedia":[{"embeddable":true,"href":"https:\/\/blogs.gazetaesportiva.com\/michellegiannella\/wp-json\/wp\/v2\/media\/4749"}],"wp:attachment":[{"href":"https:\/\/blogs.gazetaesportiva.com\/michellegiannella\/wp-json\/wp\/v2\/media?parent=4748"}],"wp:term":[{"taxonomy":"category","embeddable":true,"href":"https:\/\/blogs.gazetaesportiva.com\/michellegiannella\/wp-json\/wp\/v2\/categories?post=4748"},{"taxonomy":"post_tag","embeddable":true,"href":"https:\/\/blogs.gazetaesportiva.com\/michellegiannella\/wp-json\/wp\/v2\/tags?post=4748"}],"curies":[{"name":"wp","href":"https:\/\/api.w.org\/{rel}","templated":true}]}}