{"id":4744,"date":"2018-03-08T16:29:40","date_gmt":"2018-03-08T19:29:40","guid":{"rendered":"https:\/\/blogs.gazetaesportiva.com\/michellegiannella\/?p=4744"},"modified":"2018-03-08T16:31:51","modified_gmt":"2018-03-08T19:31:51","slug":"classico-da-pressao-e-da-cobranca","status":"publish","type":"post","link":"https:\/\/blogs.gazetaesportiva.com\/michellegiannella\/2018\/03\/08\/classico-da-pressao-e-da-cobranca\/","title":{"rendered":"Cl\u00e1ssico da press\u00e3o e da cobran\u00e7a"},"content":{"rendered":"<figure id=\"attachment_4745\" aria-describedby=\"caption-attachment-4745\" style=\"width: 1080px\" class=\"wp-caption aligncenter\"><a href=\"https:\/\/blogs.gazetaesportiva.com\/michellegiannella\/files\/2018\/03\/valdivia-versus-dudu-home.jpg\"><img loading=\"lazy\" decoding=\"async\" class=\"size-full wp-image-4745\" src=\"https:\/\/blogs.gazetaesportiva.com\/michellegiannella\/files\/2018\/03\/valdivia-versus-dudu-home.jpg\" alt=\"\" width=\"1080\" height=\"609\" srcset=\"https:\/\/blogs.gazetaesportiva.com\/michellegiannella\/files\/2018\/03\/valdivia-versus-dudu-home.jpg 1080w, https:\/\/blogs.gazetaesportiva.com\/michellegiannella\/files\/2018\/03\/valdivia-versus-dudu-home-300x169.jpg 300w, https:\/\/blogs.gazetaesportiva.com\/michellegiannella\/files\/2018\/03\/valdivia-versus-dudu-home-768x433.jpg 768w, https:\/\/blogs.gazetaesportiva.com\/michellegiannella\/files\/2018\/03\/valdivia-versus-dudu-home-1024x577.jpg 1024w\" sizes=\"auto, (max-width: 1080px) 100vw, 1080px\" \/><\/a><figcaption id=\"caption-attachment-4745\" class=\"wp-caption-text\">Foto: Arte GE<\/figcaption><\/figure>\n<p>Pra quem gosta de supersti\u00e7\u00e3o&#8230;\u00a0A \u00faltima vez que o Palmeiras perdeu para o S\u00e3o Caetano, jogando no velho Parque Ant\u00e1rtica, foi 3 dias antes de um cl\u00e1ssico contra o S\u00e3o Paulo e naquela oportunidade o Verd\u00e3o venceu o Tricolor por 2 a 0.<\/p>\n<p>A cobran\u00e7a em cima dos dois treinadores ser\u00e1 muito forte. Principalmente sobre Roger Machado que n\u00e3o venceu nenhum dos \u00faltimos quatro jogos do Campeonato Paulista.\u00a0Se perder, Roger ser\u00e1 o segundo t\u00e9cnico com pior aproveitamento no Allianz Parque.<\/p>\n<p class=\"selectionShareable\">J\u00e1 o S\u00e3o Paulo vive um bom momento, claro que Dorival continua pressionado, mas est\u00e1 aos poucos tentando melhorar a velocidade da equipe. No entanto, o retrospecto n\u00e3o ajuda muito porque desde 2015 o S\u00e3o Paulo perde todos os cl\u00e1ssicos na nova casa alviverde.<\/p>\n<p class=\"selectionShareable\">E a\u00ed, qual a sua opini\u00e3o pro jogo dessa noite? O espa\u00e7o \u00e9 seu!<\/p>\n<p class=\"selectionShareable\">\n","protected":false},"excerpt":{"rendered":"<p>Pra quem gosta de supersti\u00e7\u00e3o&#8230;\u00a0A \u00faltima vez que o Palmeiras perdeu para o S\u00e3o Caetano, jogando no velho Parque Ant\u00e1rtica, foi 3 dias antes de <a class=\"read-more\" href=\"https:\/\/blogs.gazetaesportiva.com\/michellegiannella\/2018\/03\/08\/classico-da-pressao-e-da-cobranca\/\">leia mais<\/a><\/p>\n","protected":false},"author":14,"featured_media":4745,"comment_status":"open","ping_status":"open","sticky":false,"template":"","format":"standard","meta":{"jetpack_post_was_ever_published":false,"_jetpack_newsletter_access":"","_jetpack_dont_email_post_to_subs":false,"_jetpack_newsletter_tier_id":0,"_jetpack_memberships_contains_paywalled_content":false,"_jetpack_memberships_contains_paid_content":false,"footnotes":"","jetpack_publicize_message":"","jetpack_publicize_feature_enabled":true,"jetpack_social_post_already_shared":true,"jetpack_social_options":{"image_generator_settings":{"template":"highway","default_image_id":0,"font":"","enabled":false},"version":2}},"categories":[1],"tags":[],"class_list":["post-4744","post","type-post","status-publish","format-standard","has-post-thumbnail","hentry","category-sem-categoria"],"jetpack_publicize_connections":[],"jetpack_featured_media_url":"https:\/\/blogs.gazetaesportiva.com\/michellegiannella\/files\/2018\/03\/valdivia-versus-dudu-home.jpg","jetpack_sharing_enabled":true,"jetpack_shortlink":"https:\/\/wp.me\/p6rrMZ-1ew","_links":{"self":[{"href":"https:\/\/blogs.gazetaesportiva.com\/michellegiannella\/wp-json\/wp\/v2\/posts\/4744","targetHints":{"allow":["GET"]}}],"collection":[{"href":"https:\/\/blogs.gazetaesportiva.com\/michellegiannella\/wp-json\/wp\/v2\/posts"}],"about":[{"href":"https:\/\/blogs.gazetaesportiva.com\/michellegiannella\/wp-json\/wp\/v2\/types\/post"}],"author":[{"embeddable":true,"href":"https:\/\/blogs.gazetaesportiva.com\/michellegiannella\/wp-json\/wp\/v2\/users\/14"}],"replies":[{"embeddable":true,"href":"https:\/\/blogs.gazetaesportiva.com\/michellegiannella\/wp-json\/wp\/v2\/comments?post=4744"}],"version-history":[{"count":0,"href":"https:\/\/blogs.gazetaesportiva.com\/michellegiannella\/wp-json\/wp\/v2\/posts\/4744\/revisions"}],"wp:featuredmedia":[{"embeddable":true,"href":"https:\/\/blogs.gazetaesportiva.com\/michellegiannella\/wp-json\/wp\/v2\/media\/4745"}],"wp:attachment":[{"href":"https:\/\/blogs.gazetaesportiva.com\/michellegiannella\/wp-json\/wp\/v2\/media?parent=4744"}],"wp:term":[{"taxonomy":"category","embeddable":true,"href":"https:\/\/blogs.gazetaesportiva.com\/michellegiannella\/wp-json\/wp\/v2\/categories?post=4744"},{"taxonomy":"post_tag","embeddable":true,"href":"https:\/\/blogs.gazetaesportiva.com\/michellegiannella\/wp-json\/wp\/v2\/tags?post=4744"}],"curies":[{"name":"wp","href":"https:\/\/api.w.org\/{rel}","templated":true}]}}