{"id":4726,"date":"2018-02-24T09:00:18","date_gmt":"2018-02-24T12:00:18","guid":{"rendered":"https:\/\/blogs.gazetaesportiva.com\/michellegiannella\/?p=4726"},"modified":"2018-02-24T12:05:56","modified_gmt":"2018-02-24T15:05:56","slug":"corinthians-e-palmeiras-quem-sera-a-vitima","status":"publish","type":"post","link":"https:\/\/blogs.gazetaesportiva.com\/michellegiannella\/2018\/02\/24\/corinthians-e-palmeiras-quem-sera-a-vitima\/","title":{"rendered":"Corinthians e Palmeiras: quem ser\u00e1 a pr\u00f3xima v\u00edtima?"},"content":{"rendered":"<figure id=\"attachment_4729\" aria-describedby=\"caption-attachment-4729\" style=\"width: 1024px\" class=\"wp-caption aligncenter\"><a href=\"https:\/\/blogs.gazetaesportiva.com\/michellegiannella\/files\/2018\/02\/derby-foto-blog-gp.jpg\"><img loading=\"lazy\" decoding=\"async\" class=\"size-full wp-image-4729\" src=\"https:\/\/blogs.gazetaesportiva.com\/michellegiannella\/files\/2018\/02\/derby-foto-blog-gp.jpg\" alt=\"\" width=\"1024\" height=\"681\" srcset=\"https:\/\/blogs.gazetaesportiva.com\/michellegiannella\/files\/2018\/02\/derby-foto-blog-gp.jpg 1024w, https:\/\/blogs.gazetaesportiva.com\/michellegiannella\/files\/2018\/02\/derby-foto-blog-gp-300x200.jpg 300w, https:\/\/blogs.gazetaesportiva.com\/michellegiannella\/files\/2018\/02\/derby-foto-blog-gp-768x511.jpg 768w, https:\/\/blogs.gazetaesportiva.com\/michellegiannella\/files\/2018\/02\/derby-foto-blog-gp-120x80.jpg 120w\" sizes=\"auto, (max-width: 1024px) 100vw, 1024px\" \/><\/a><figcaption id=\"caption-attachment-4729\" class=\"wp-caption-text\">(Fotos Djalma Vass\u00e3o e Fernando Dantas\/Gazeta Press)<\/figcaption><\/figure>\n<p>Em 2017 , Corinthians e Palmeiras jogaram tr\u00eas vezes e o Corinthians venceu todas. Ano irretoc\u00e1vel do Tim\u00e3o.<\/p>\n<p>Em 2016, foram tamb\u00e9m tr\u00eas cl\u00e1ssicos e o Palmeiras ganhou os tr\u00eas!<\/p>\n<p>N\u00e3o h\u00e1 um empate entre as duas equipes desde 2015 quando aconteceu o fant\u00e1stico 3 a 3 no est\u00e1dio do Palmeiras.<\/p>\n<p>O cl\u00e1ssico dos cl\u00e1ssicos sempre deixa v\u00edtimas, ningu\u00e9m entra pra perder. Mas esse jogo n\u00e3o significa classifica\u00e7\u00e3o para nenhuma das equipes, mas sim press\u00e3o e questionamentos sobre o treinador perdedor; e moral e cabe\u00e7a erguida para aquele que levar a vit\u00f3ria pra casa.<\/p>\n<p>Que ven\u00e7a o melhor!<\/p>\n<p>&nbsp;<\/p>\n","protected":false},"excerpt":{"rendered":"<p>Em 2017 , Corinthians e Palmeiras jogaram tr\u00eas vezes e o Corinthians venceu todas. Ano irretoc\u00e1vel do Tim\u00e3o. Em 2016, foram tamb\u00e9m tr\u00eas cl\u00e1ssicos e <a class=\"read-more\" href=\"https:\/\/blogs.gazetaesportiva.com\/michellegiannella\/2018\/02\/24\/corinthians-e-palmeiras-quem-sera-a-vitima\/\">leia mais<\/a><\/p>\n","protected":false},"author":14,"featured_media":4729,"comment_status":"open","ping_status":"open","sticky":false,"template":"","format":"standard","meta":{"jetpack_post_was_ever_published":false,"_jetpack_newsletter_access":"","_jetpack_dont_email_post_to_subs":false,"_jetpack_newsletter_tier_id":0,"_jetpack_memberships_contains_paywalled_content":false,"_jetpack_memberships_contains_paid_content":false,"footnotes":"","jetpack_publicize_message":"","jetpack_publicize_feature_enabled":true,"jetpack_social_post_already_shared":true,"jetpack_social_options":{"image_generator_settings":{"template":"highway","default_image_id":0,"font":"","enabled":false},"version":2}},"categories":[1],"tags":[],"class_list":["post-4726","post","type-post","status-publish","format-standard","has-post-thumbnail","hentry","category-sem-categoria"],"jetpack_publicize_connections":[],"jetpack_featured_media_url":"https:\/\/blogs.gazetaesportiva.com\/michellegiannella\/files\/2018\/02\/derby-foto-blog-gp.jpg","jetpack_sharing_enabled":true,"jetpack_shortlink":"https:\/\/wp.me\/p6rrMZ-1ee","_links":{"self":[{"href":"https:\/\/blogs.gazetaesportiva.com\/michellegiannella\/wp-json\/wp\/v2\/posts\/4726","targetHints":{"allow":["GET"]}}],"collection":[{"href":"https:\/\/blogs.gazetaesportiva.com\/michellegiannella\/wp-json\/wp\/v2\/posts"}],"about":[{"href":"https:\/\/blogs.gazetaesportiva.com\/michellegiannella\/wp-json\/wp\/v2\/types\/post"}],"author":[{"embeddable":true,"href":"https:\/\/blogs.gazetaesportiva.com\/michellegiannella\/wp-json\/wp\/v2\/users\/14"}],"replies":[{"embeddable":true,"href":"https:\/\/blogs.gazetaesportiva.com\/michellegiannella\/wp-json\/wp\/v2\/comments?post=4726"}],"version-history":[{"count":0,"href":"https:\/\/blogs.gazetaesportiva.com\/michellegiannella\/wp-json\/wp\/v2\/posts\/4726\/revisions"}],"wp:featuredmedia":[{"embeddable":true,"href":"https:\/\/blogs.gazetaesportiva.com\/michellegiannella\/wp-json\/wp\/v2\/media\/4729"}],"wp:attachment":[{"href":"https:\/\/blogs.gazetaesportiva.com\/michellegiannella\/wp-json\/wp\/v2\/media?parent=4726"}],"wp:term":[{"taxonomy":"category","embeddable":true,"href":"https:\/\/blogs.gazetaesportiva.com\/michellegiannella\/wp-json\/wp\/v2\/categories?post=4726"},{"taxonomy":"post_tag","embeddable":true,"href":"https:\/\/blogs.gazetaesportiva.com\/michellegiannella\/wp-json\/wp\/v2\/tags?post=4726"}],"curies":[{"name":"wp","href":"https:\/\/api.w.org\/{rel}","templated":true}]}}