{"id":4725,"date":"2018-02-21T16:02:58","date_gmt":"2018-02-21T19:02:58","guid":{"rendered":"https:\/\/blogs.gazetaesportiva.com\/michellegiannella\/?p=4725"},"modified":"2018-02-23T17:02:11","modified_gmt":"2018-02-23T20:02:11","slug":"o-sao-paulo-nao-sabe-o-que-faz","status":"publish","type":"post","link":"https:\/\/blogs.gazetaesportiva.com\/michellegiannella\/2018\/02\/21\/o-sao-paulo-nao-sabe-o-que-faz\/","title":{"rendered":"O S\u00e3o Paulo n\u00e3o sabe o que faz"},"content":{"rendered":"<figure id=\"attachment_4728\" aria-describedby=\"caption-attachment-4728\" style=\"width: 1024px\" class=\"wp-caption aligncenter\"><a href=\"https:\/\/blogs.gazetaesportiva.com\/michellegiannella\/files\/2018\/02\/SEB_6042-copy-1024x681-1.jpg\"><img loading=\"lazy\" decoding=\"async\" class=\"size-full wp-image-4728\" src=\"https:\/\/blogs.gazetaesportiva.com\/michellegiannella\/files\/2018\/02\/SEB_6042-copy-1024x681-1.jpg\" alt=\"\" width=\"1024\" height=\"681\" srcset=\"https:\/\/blogs.gazetaesportiva.com\/michellegiannella\/files\/2018\/02\/SEB_6042-copy-1024x681-1.jpg 1024w, https:\/\/blogs.gazetaesportiva.com\/michellegiannella\/files\/2018\/02\/SEB_6042-copy-1024x681-1-300x200.jpg 300w, https:\/\/blogs.gazetaesportiva.com\/michellegiannella\/files\/2018\/02\/SEB_6042-copy-1024x681-1-768x511.jpg 768w, https:\/\/blogs.gazetaesportiva.com\/michellegiannella\/files\/2018\/02\/SEB_6042-copy-1024x681-1-120x80.jpg 120w\" sizes=\"auto, (max-width: 1024px) 100vw, 1024px\" \/><\/a><figcaption id=\"caption-attachment-4728\" class=\"wp-caption-text\">(Foto: Sergio Barzaghi\/Gazeta Press)<\/figcaption><\/figure>\n<p>Tirar Dorival Junior no come\u00e7o do Campeonato n\u00e3o faz o menor sentido.<\/p>\n<p>A culpa \u00e9 dele? Dorival pediu jogadores velozes e a dire\u00e7\u00e3o trouxe atletas que n\u00e3o se encaixam nesse perfil.<\/p>\n<p>Leco, deu toda liberdade e autonomia para Ra\u00ed trabalhar. Mas o que ele tem feito parece n\u00e3o fazer sentido no time do Morumbi. Dorival n\u00e3o recebeu os refor\u00e7os combinados. Ele queria Gabigol, ok era uma negocia\u00e7\u00e3o complicada. Ele n\u00e3o fazia quest\u00e3o do Trellez, n\u00e3o votou contra o Diego Souza e n\u00e3o queria o Nen\u00ea.<\/p>\n<p>O desempenho do time \u00e9 p\u00e9ssimo, parecido ao que obteve Rog\u00e9rio Ceni quando treinador. A torcida est\u00e1 pressionando, Dorival tem que ser cobrado.\u00a0Lembrando o desempenho em n\u00fameros dos \u00faltimos treinadores do tricolor:<\/p>\n<p>Muricy teve 59% de aproveitamento.\u00a0Ney Franco 57%.\u00a0Os\u00f3rio 52%.\u00a0Dorival tem 50,4%.<\/p>\n<p>Nos \u00faltimos anos o S\u00e3o Paulo teve 3 presidentes, 8 diretores de futebol, 9 t\u00e9cnicos e nenhum t\u00edtulo. A diretoria do S\u00e3o Paulo est\u00e1 perdida. Melhor encontrar logo um rumo ou conseguir\u00e1 destruir uma equipe t\u00e3o forte e\u00a0importante para o futebol brasileiro.<\/p>\n<p>&nbsp;<\/p>\n","protected":false},"excerpt":{"rendered":"<p>Tirar Dorival Junior no come\u00e7o do Campeonato n\u00e3o faz o menor sentido. A culpa \u00e9 dele? Dorival pediu jogadores velozes e a dire\u00e7\u00e3o trouxe atletas <a class=\"read-more\" href=\"https:\/\/blogs.gazetaesportiva.com\/michellegiannella\/2018\/02\/21\/o-sao-paulo-nao-sabe-o-que-faz\/\">leia mais<\/a><\/p>\n","protected":false},"author":14,"featured_media":4728,"comment_status":"open","ping_status":"open","sticky":false,"template":"","format":"standard","meta":{"jetpack_post_was_ever_published":false,"_jetpack_newsletter_access":"","_jetpack_dont_email_post_to_subs":false,"_jetpack_newsletter_tier_id":0,"_jetpack_memberships_contains_paywalled_content":false,"_jetpack_memberships_contains_paid_content":false,"footnotes":"","jetpack_publicize_message":"","jetpack_publicize_feature_enabled":true,"jetpack_social_post_already_shared":true,"jetpack_social_options":{"image_generator_settings":{"template":"highway","default_image_id":0,"font":"","enabled":false},"version":2}},"categories":[1],"tags":[],"class_list":["post-4725","post","type-post","status-publish","format-standard","has-post-thumbnail","hentry","category-sem-categoria"],"jetpack_publicize_connections":[],"jetpack_featured_media_url":"https:\/\/blogs.gazetaesportiva.com\/michellegiannella\/files\/2018\/02\/SEB_6042-copy-1024x681-1.jpg","jetpack_sharing_enabled":true,"jetpack_shortlink":"https:\/\/wp.me\/p6rrMZ-1ed","_links":{"self":[{"href":"https:\/\/blogs.gazetaesportiva.com\/michellegiannella\/wp-json\/wp\/v2\/posts\/4725","targetHints":{"allow":["GET"]}}],"collection":[{"href":"https:\/\/blogs.gazetaesportiva.com\/michellegiannella\/wp-json\/wp\/v2\/posts"}],"about":[{"href":"https:\/\/blogs.gazetaesportiva.com\/michellegiannella\/wp-json\/wp\/v2\/types\/post"}],"author":[{"embeddable":true,"href":"https:\/\/blogs.gazetaesportiva.com\/michellegiannella\/wp-json\/wp\/v2\/users\/14"}],"replies":[{"embeddable":true,"href":"https:\/\/blogs.gazetaesportiva.com\/michellegiannella\/wp-json\/wp\/v2\/comments?post=4725"}],"version-history":[{"count":0,"href":"https:\/\/blogs.gazetaesportiva.com\/michellegiannella\/wp-json\/wp\/v2\/posts\/4725\/revisions"}],"wp:featuredmedia":[{"embeddable":true,"href":"https:\/\/blogs.gazetaesportiva.com\/michellegiannella\/wp-json\/wp\/v2\/media\/4728"}],"wp:attachment":[{"href":"https:\/\/blogs.gazetaesportiva.com\/michellegiannella\/wp-json\/wp\/v2\/media?parent=4725"}],"wp:term":[{"taxonomy":"category","embeddable":true,"href":"https:\/\/blogs.gazetaesportiva.com\/michellegiannella\/wp-json\/wp\/v2\/categories?post=4725"},{"taxonomy":"post_tag","embeddable":true,"href":"https:\/\/blogs.gazetaesportiva.com\/michellegiannella\/wp-json\/wp\/v2\/tags?post=4725"}],"curies":[{"name":"wp","href":"https:\/\/api.w.org\/{rel}","templated":true}]}}