{"id":2286,"date":"2012-11-18T22:15:12","date_gmt":"2012-11-19T00:15:12","guid":{"rendered":"https:\/\/blogs.gazetaesportiva.com\/michellegiannella\/?p=2286"},"modified":"2012-11-18T23:55:00","modified_gmt":"2012-11-19T01:55:00","slug":"caiu-de-novo","status":"publish","type":"post","link":"https:\/\/blogs.gazetaesportiva.com\/michellegiannella\/2012\/11\/18\/caiu-de-novo\/","title":{"rendered":"Caiu de novo!"},"content":{"rendered":"<figure id=\"attachment_2292\" aria-describedby=\"caption-attachment-2292\" style=\"width: 300px\" class=\"wp-caption alignright\"><a href=\"https:\/\/blogs.gazetaesportiva.com\/michellegiannella\/files\/2012\/11\/palmeiras_blog.jpg\"><img loading=\"lazy\" decoding=\"async\" class=\"size-full wp-image-2292\" title=\"palmeiras_blog\" src=\"https:\/\/blogs.gazetaesportiva.com\/michellegiannella\/files\/2012\/11\/palmeiras_blog.jpg\" alt=\"Djalma Vass\u00e3o\/Gazeta Press\" width=\"300\" height=\"129\" \/><\/a><figcaption id=\"caption-attachment-2292\" class=\"wp-caption-text\">Djalma Vass\u00e3o\/Gazeta Press<\/figcaption><\/figure>\n<p>Inacredit\u00e1vel um time com a grandeza do Palmeiras, de novo, ter que disputar a segunda divis\u00e3o. H\u00e1 10 anos o time viveu esse drama e agora a saga se repete.<\/p>\n<p>O Palmeiras tem in\u00fameros problemas. A diretoria \u00e9 fraca, amadora, o marketing \u00e9 muito mal explorado.<\/p>\n<p>Felip\u00e3o largou o barco afundando. Tem culpa na rebaixamento, afinal indicou muitos dos jogadores que l\u00e1 est\u00e3o.<\/p>\n<p>Alguns poucos nomes merecem respeito da torcida como Barcos e Marcos Assun\u00e7\u00e3o. Em compensa\u00e7\u00e3o, a contrata\u00e7\u00e3o do Vald\u00edvia foi uma l\u00e1stima. Milion\u00e1ria e sem dar qualquer retorno.<\/p>\n<p>Mas torcida, aten\u00e7\u00e3o! Quebrar tudo n\u00e3o ajuda. Isso afasta futuros bons profissionais do time. A press\u00e3o precisa ser para que sejam modificadas as elei\u00e7\u00f5es no clube. Chega dessa hist\u00f3ria de conselheiros vital\u00edcios e elei\u00e7\u00f5es indiretas. O s\u00f3cio precisa ter voz ativa.<\/p>\n<p>Agora \u00e9 hora de levantar a cabe\u00e7a e come\u00e7ar o planejamento para 2013. Avante, Palestra!<\/p>\n","protected":false},"excerpt":{"rendered":"<p>Inacredit\u00e1vel um time com a grandeza do Palmeiras, de novo, ter que disputar a segunda divis\u00e3o. H\u00e1 10 anos o time viveu esse drama e <a class=\"read-more\" href=\"https:\/\/blogs.gazetaesportiva.com\/michellegiannella\/2012\/11\/18\/caiu-de-novo\/\">leia mais<\/a><\/p>\n","protected":false},"author":14,"featured_media":2292,"comment_status":"open","ping_status":"open","sticky":false,"template":"","format":"standard","meta":{"jetpack_post_was_ever_published":false,"_jetpack_newsletter_access":"","_jetpack_dont_email_post_to_subs":false,"_jetpack_newsletter_tier_id":0,"_jetpack_memberships_contains_paywalled_content":false,"_jetpack_memberships_contains_paid_content":false,"footnotes":"","jetpack_publicize_message":"","jetpack_publicize_feature_enabled":true,"jetpack_social_post_already_shared":false,"jetpack_social_options":{"image_generator_settings":{"template":"highway","default_image_id":0,"font":"","enabled":false},"version":2}},"categories":[1],"tags":[],"class_list":["post-2286","post","type-post","status-publish","format-standard","has-post-thumbnail","hentry","category-sem-categoria"],"jetpack_publicize_connections":[],"jetpack_featured_media_url":"https:\/\/blogs.gazetaesportiva.com\/michellegiannella\/files\/2012\/11\/palmeiras_blog.jpg","jetpack_sharing_enabled":true,"jetpack_shortlink":"https:\/\/wp.me\/p6rrMZ-AS","_links":{"self":[{"href":"https:\/\/blogs.gazetaesportiva.com\/michellegiannella\/wp-json\/wp\/v2\/posts\/2286","targetHints":{"allow":["GET"]}}],"collection":[{"href":"https:\/\/blogs.gazetaesportiva.com\/michellegiannella\/wp-json\/wp\/v2\/posts"}],"about":[{"href":"https:\/\/blogs.gazetaesportiva.com\/michellegiannella\/wp-json\/wp\/v2\/types\/post"}],"author":[{"embeddable":true,"href":"https:\/\/blogs.gazetaesportiva.com\/michellegiannella\/wp-json\/wp\/v2\/users\/14"}],"replies":[{"embeddable":true,"href":"https:\/\/blogs.gazetaesportiva.com\/michellegiannella\/wp-json\/wp\/v2\/comments?post=2286"}],"version-history":[{"count":0,"href":"https:\/\/blogs.gazetaesportiva.com\/michellegiannella\/wp-json\/wp\/v2\/posts\/2286\/revisions"}],"wp:featuredmedia":[{"embeddable":true,"href":"https:\/\/blogs.gazetaesportiva.com\/michellegiannella\/wp-json\/wp\/v2\/media\/2292"}],"wp:attachment":[{"href":"https:\/\/blogs.gazetaesportiva.com\/michellegiannella\/wp-json\/wp\/v2\/media?parent=2286"}],"wp:term":[{"taxonomy":"category","embeddable":true,"href":"https:\/\/blogs.gazetaesportiva.com\/michellegiannella\/wp-json\/wp\/v2\/categories?post=2286"},{"taxonomy":"post_tag","embeddable":true,"href":"https:\/\/blogs.gazetaesportiva.com\/michellegiannella\/wp-json\/wp\/v2\/tags?post=2286"}],"curies":[{"name":"wp","href":"https:\/\/api.w.org\/{rel}","templated":true}]}}