{"id":2265,"date":"2012-10-31T18:18:08","date_gmt":"2012-10-31T20:18:08","guid":{"rendered":"https:\/\/blogs.gazetaesportiva.com\/michellegiannella\/?p=2265"},"modified":"2012-10-31T18:27:42","modified_gmt":"2012-10-31T20:27:42","slug":"voce-e-a-favor-da-tecnologia-no-futebol","status":"publish","type":"post","link":"https:\/\/blogs.gazetaesportiva.com\/michellegiannella\/2012\/10\/31\/voce-e-a-favor-da-tecnologia-no-futebol\/","title":{"rendered":"Voc\u00ea \u00e9 a favor da tecnologia no futebol?"},"content":{"rendered":"<p><figure style=\"width: 480px\" class=\"wp-caption alignnone\"><img loading=\"lazy\" decoding=\"async\" src=\"http:\/\/s01.video.glbimg.com\/480x300\/2212012.jpg\" alt=\"\" width=\"480\" height=\"300\" \/><figcaption class=\"wp-caption-text\">reprodu\u00e7\u00e3o - TV<\/figcaption><\/figure> A pol\u00eamica envolvendo o gol de Barcos no final de semana quando o Internacional venceu o Palmeiras por 2 a 1 continua dando o que falar. O Palmeiras quer a anula\u00e7\u00e3o do jogo. O Inter defende uma poss\u00edvel puni\u00e7\u00e3o ao atacante por conduta indisciplinar.<P><\/p>\n<p>O Superior Tribunal de Justi\u00e7a Desportiva resolveu se manifestar e aceitou o pedido de impugna\u00e7\u00e3o feito pelo Palmeiras e solicitou \u00e0 CBF a suspens\u00e3o do jogo e a retirada dos pontos do Internacional at\u00e9 que o julgamento seja realizado. Tudo isso porque o \u00e1rbitro teria tido acesso \u00e0 informa\u00e7\u00e3o de que n\u00e3o tinha sido gol pelo quarto \u00e1rbitro, no entanto, este teria obtido a informa\u00e7\u00e3o por meio de interfer\u00eancia externa. <P><\/p>\n<p>Aproveito esse tema para discutir o uso da tecnologia no futebol.<P><\/p>\n<p>O que voc\u00ea acha? Em pleno s\u00e9culo 21, devemos ainda ser ref\u00e9ns da falha humana ou ser\u00e1 que a justi\u00e7a deve prevalecer?<P><\/p>\n<p>Os que defendem o uso da tecnologia, defendem tamb\u00e9m a justi\u00e7a no futebol. O melhor realmente vai vencer e prevalecer, ningu\u00e9m ficar\u00e1 ref\u00e9m do simples erro, da incompet\u00eancia ou at\u00e9 mesmo da m\u00e1 inten\u00e7\u00e3o do \u00e1rbitro em determinado lance.  <P><\/p>\n<p>J\u00e1 os que s\u00e3o contra o uso da tecnologia s\u00e3o os mesmos que defendem a pol\u00eamica e a democracia no futebol. A pol\u00eamica porque ela \u00e9 inerente ao esporte. J\u00e1 quanto a democracia, hoje em dia, em qualquer canto do planeta, um grupo de pessoas pode se reunir para bater uma bolinha, qualquer campeonato pode ser disputado, seja no interior ou entre grandes clubes. N\u00e3o \u00e9 em todo lugar que \u00e9 poss\u00edvel o uso e acesso \u00e0 tecnologia.<P><\/p>\n<p>Enfim, uma discuss\u00e3o que precisa ser levada em considera\u00e7\u00e3o. Mas o que interessa aqui \u00e9 a sua opini\u00e3o. O que voc\u00ea acha? A tecnologia deve ou n\u00e3o fazer parte do futebol? O espa\u00e7o \u00e9 seu. <P><\/p>\n","protected":false},"excerpt":{"rendered":"<p>A pol\u00eamica envolvendo o gol de Barcos no final de semana quando o Internacional venceu o Palmeiras por 2 a 1 continua dando o que <a class=\"read-more\" href=\"https:\/\/blogs.gazetaesportiva.com\/michellegiannella\/2012\/10\/31\/voce-e-a-favor-da-tecnologia-no-futebol\/\">leia mais<\/a><\/p>\n","protected":false},"author":3,"featured_media":0,"comment_status":"open","ping_status":"open","sticky":false,"template":"","format":"standard","meta":{"jetpack_post_was_ever_published":false,"_jetpack_newsletter_access":"","_jetpack_dont_email_post_to_subs":false,"_jetpack_newsletter_tier_id":0,"_jetpack_memberships_contains_paywalled_content":false,"_jetpack_memberships_contains_paid_content":false,"footnotes":"","jetpack_publicize_message":"","jetpack_publicize_feature_enabled":true,"jetpack_social_post_already_shared":false,"jetpack_social_options":{"image_generator_settings":{"template":"highway","default_image_id":0,"font":"","enabled":false},"version":2}},"categories":[1],"tags":[],"class_list":["post-2265","post","type-post","status-publish","format-standard","hentry","category-sem-categoria"],"jetpack_publicize_connections":[],"jetpack_featured_media_url":"","jetpack_sharing_enabled":true,"jetpack_shortlink":"https:\/\/wp.me\/p6rrMZ-Ax","_links":{"self":[{"href":"https:\/\/blogs.gazetaesportiva.com\/michellegiannella\/wp-json\/wp\/v2\/posts\/2265","targetHints":{"allow":["GET"]}}],"collection":[{"href":"https:\/\/blogs.gazetaesportiva.com\/michellegiannella\/wp-json\/wp\/v2\/posts"}],"about":[{"href":"https:\/\/blogs.gazetaesportiva.com\/michellegiannella\/wp-json\/wp\/v2\/types\/post"}],"author":[{"embeddable":true,"href":"https:\/\/blogs.gazetaesportiva.com\/michellegiannella\/wp-json\/wp\/v2\/users\/3"}],"replies":[{"embeddable":true,"href":"https:\/\/blogs.gazetaesportiva.com\/michellegiannella\/wp-json\/wp\/v2\/comments?post=2265"}],"version-history":[{"count":0,"href":"https:\/\/blogs.gazetaesportiva.com\/michellegiannella\/wp-json\/wp\/v2\/posts\/2265\/revisions"}],"wp:attachment":[{"href":"https:\/\/blogs.gazetaesportiva.com\/michellegiannella\/wp-json\/wp\/v2\/media?parent=2265"}],"wp:term":[{"taxonomy":"category","embeddable":true,"href":"https:\/\/blogs.gazetaesportiva.com\/michellegiannella\/wp-json\/wp\/v2\/categories?post=2265"},{"taxonomy":"post_tag","embeddable":true,"href":"https:\/\/blogs.gazetaesportiva.com\/michellegiannella\/wp-json\/wp\/v2\/tags?post=2265"}],"curies":[{"name":"wp","href":"https:\/\/api.w.org\/{rel}","templated":true}]}}