{"id":2231,"date":"2012-10-18T11:24:32","date_gmt":"2012-10-18T14:24:32","guid":{"rendered":"https:\/\/blogs.gazetaesportiva.com\/michellegiannella\/?p=2231"},"modified":"2012-10-18T13:31:21","modified_gmt":"2012-10-18T16:31:21","slug":"eu-acredito-no-verdao","status":"publish","type":"post","link":"https:\/\/blogs.gazetaesportiva.com\/michellegiannella\/2012\/10\/18\/eu-acredito-no-verdao\/","title":{"rendered":"Eu acredito no Verd\u00e3o!"},"content":{"rendered":"<p><strong> <\/strong><\/p>\n<figure id=\"attachment_2242\" aria-describedby=\"caption-attachment-2242\" style=\"width: 596px\" class=\"wp-caption aligncenter\"><a href=\"https:\/\/blogs.gazetaesportiva.com\/michellegiannella\/files\/2012\/10\/barcos_fd_600.jpg\"><img loading=\"lazy\" decoding=\"async\" class=\"size-full wp-image-2242\" title=\"barcos_fd_600\" src=\"https:\/\/blogs.gazetaesportiva.com\/michellegiannella\/files\/2012\/10\/barcos_fd_600.jpg\" alt=\"Fernando Dantas\/Gazeta Press\" width=\"596\" height=\"476\" \/><\/a><figcaption id=\"caption-attachment-2242\" class=\"wp-caption-text\">Fernando Dantas\/Gazeta Press<\/figcaption><\/figure>\n<p>Sei que a situa\u00e7\u00e3o n\u00e3o \u00e9 das melhores, que todo mundo fala que vai cair, mas alguma coisa me diz para ainda acreditar no Palmeiras. O time est\u00e1 unido e, apesar de muito deficiente e de alternar bons e maus resultados, milagres acontecem. O que me faz acreditar nessa equipe \u00e9 o clima entre os jogadores. Eles est\u00e3o unidos e determinados a n\u00e3o cair, n\u00e3o por medo da torcida, mas por profissionalismo.<\/p>\n<p>Barcos fez de tudo para jogar contra o Bahia ontem. Apesar do atraso do v\u00f4o e de chegar em cima da hora, conseguiu escapar do\u00a0tr\u00e2nsito com escolta da pol\u00edcia at\u00e9 o est\u00e1dio de Pitua\u00e7u! Aleluia! Muito bacana a atitude dele, que sabe o quanto time precisa de sua presen\u00e7a em campo. Ali\u00e1s, para comprovar como esse argentino \u00e9 \u00a0importante pro time, foi dele que partiu a jogada que culminou no gol redentor de Betinho, o &#8220;iluminado&#8221;. Betinho, ali\u00e1s, que tamb\u00e9m fez o gol do t\u00edtulo da Copa do Brasil.<\/p>\n<p>Ontem, o Palmeiras n\u00e3o fez mais do que a obriga\u00e7\u00e3o, dizem os cr\u00edticos. Ok, voc\u00eas est\u00e3o certos, mas na atual situa\u00e7\u00e3o poderia ter sido pior&#8230; sempre pode&#8230;<\/p>\n<p>Felizmente, a vit\u00f3ria veio. Agora \u00e9 hora da torcida apoiar e dos jogadores continuarem com a cabe\u00e7a erguida, com ra\u00e7a e determina\u00e7\u00e3o dentro de campo. Eu acredito no Palestra! E voc\u00ea?<\/p>\n","protected":false},"excerpt":{"rendered":"<p>Sei que a situa\u00e7\u00e3o n\u00e3o \u00e9 das melhores, que todo mundo fala que vai cair, mas alguma coisa me diz para ainda acreditar no Palmeiras. <a class=\"read-more\" href=\"https:\/\/blogs.gazetaesportiva.com\/michellegiannella\/2012\/10\/18\/eu-acredito-no-verdao\/\">leia mais<\/a><\/p>\n","protected":false},"author":14,"featured_media":2242,"comment_status":"open","ping_status":"open","sticky":false,"template":"","format":"standard","meta":{"jetpack_post_was_ever_published":false,"_jetpack_newsletter_access":"","_jetpack_dont_email_post_to_subs":false,"_jetpack_newsletter_tier_id":0,"_jetpack_memberships_contains_paywalled_content":false,"_jetpack_memberships_contains_paid_content":false,"footnotes":"","jetpack_publicize_message":"","jetpack_publicize_feature_enabled":true,"jetpack_social_post_already_shared":false,"jetpack_social_options":{"image_generator_settings":{"template":"highway","default_image_id":0,"font":"","enabled":false},"version":2}},"categories":[1],"tags":[],"class_list":["post-2231","post","type-post","status-publish","format-standard","has-post-thumbnail","hentry","category-sem-categoria"],"jetpack_publicize_connections":[],"jetpack_featured_media_url":"https:\/\/blogs.gazetaesportiva.com\/michellegiannella\/files\/2012\/10\/barcos_fd_600.jpg","jetpack_sharing_enabled":true,"jetpack_shortlink":"https:\/\/wp.me\/p6rrMZ-zZ","_links":{"self":[{"href":"https:\/\/blogs.gazetaesportiva.com\/michellegiannella\/wp-json\/wp\/v2\/posts\/2231","targetHints":{"allow":["GET"]}}],"collection":[{"href":"https:\/\/blogs.gazetaesportiva.com\/michellegiannella\/wp-json\/wp\/v2\/posts"}],"about":[{"href":"https:\/\/blogs.gazetaesportiva.com\/michellegiannella\/wp-json\/wp\/v2\/types\/post"}],"author":[{"embeddable":true,"href":"https:\/\/blogs.gazetaesportiva.com\/michellegiannella\/wp-json\/wp\/v2\/users\/14"}],"replies":[{"embeddable":true,"href":"https:\/\/blogs.gazetaesportiva.com\/michellegiannella\/wp-json\/wp\/v2\/comments?post=2231"}],"version-history":[{"count":0,"href":"https:\/\/blogs.gazetaesportiva.com\/michellegiannella\/wp-json\/wp\/v2\/posts\/2231\/revisions"}],"wp:featuredmedia":[{"embeddable":true,"href":"https:\/\/blogs.gazetaesportiva.com\/michellegiannella\/wp-json\/wp\/v2\/media\/2242"}],"wp:attachment":[{"href":"https:\/\/blogs.gazetaesportiva.com\/michellegiannella\/wp-json\/wp\/v2\/media?parent=2231"}],"wp:term":[{"taxonomy":"category","embeddable":true,"href":"https:\/\/blogs.gazetaesportiva.com\/michellegiannella\/wp-json\/wp\/v2\/categories?post=2231"},{"taxonomy":"post_tag","embeddable":true,"href":"https:\/\/blogs.gazetaesportiva.com\/michellegiannella\/wp-json\/wp\/v2\/tags?post=2231"}],"curies":[{"name":"wp","href":"https:\/\/api.w.org\/{rel}","templated":true}]}}