{"id":2192,"date":"2012-09-21T13:58:25","date_gmt":"2012-09-21T16:58:25","guid":{"rendered":"https:\/\/blogs.gazetaesportiva.com\/michellegiannella\/?p=2192"},"modified":"2012-09-21T21:34:06","modified_gmt":"2012-09-22T00:34:06","slug":"a-novela-acabou-ganso-e-tricolor","status":"publish","type":"post","link":"https:\/\/blogs.gazetaesportiva.com\/michellegiannella\/2012\/09\/21\/a-novela-acabou-ganso-e-tricolor\/","title":{"rendered":"A novela acabou: Ganso \u00e9 tricolor!"},"content":{"rendered":"<p><a href=\"https:\/\/blogs.gazetaesportiva.com\/michellegiannella\/files\/2012\/09\/ganso_apresenta_spfc_div_2.jpg\"><img loading=\"lazy\" decoding=\"async\" class=\"alignright size-full wp-image-2195\" src=\"https:\/\/blogs.gazetaesportiva.com\/michellegiannella\/files\/2012\/09\/ganso_apresenta_spfc_div_2.jpg\" alt=\"Foto: Rubens Chiri \/ saopaulofc.net\" width=\"300\" height=\"359\" \/><\/a>Finalmente, Ganso \u00e9 do S\u00e3o Paulo!\u00a0Depois de 162 jogos pelo Santos, 36 gols, tr\u00eas t\u00edtulos paulistas, uma Copa do Brasil e uma Libertadores, Paulo Henrique Ganso ir\u00e1 buscar no S\u00e3o Paulo a boa fase que viveu em 2010 no Santos.<\/p>\n<p>A novela durou 32 dias, foi tumultuada, mas para a felicidade dos torcedores tricolores chegou ao fim\u00a0justamente a tempo dele ser inscrito para jogar o Campeonato Brasileiro.<\/p>\n<p>O valor da contrata\u00e7\u00e3o chegou perto dos 24 milh\u00f5es de reais. O S\u00e3o Paulo desembolsou 16,4 milh\u00f5es e ficar\u00e1 com 32 % dos direitos federativos do atleta. A dura\u00e7\u00e3o do contrato \u00e9 de cinco anos e o\u00a0sal\u00e1rio\u00a0estimado em\u00a0350 mil reais por m\u00eas. Se o jogador for vendido nos pr\u00f3ximos dois anos , o Santos ainda levar\u00e1 5% do valor l\u00edquido\u00a0de uma eventual negocia\u00e7\u00e3o.<\/p>\n<p>Ganso chega ao tricolor\u00a0com status de maestro: ser\u00e1\u00a0a pe\u00e7a que faltava no meio campo de Ney Franco e vestir\u00e1 a\u00a0camisa 8 que pertencia a Fabr\u00edcio, lesionado.<\/p>\n<p>E voc\u00ea, acredita que Ganso ser\u00e1 o novo \u00eddolo da torcida tricolor? O espa\u00e7o \u00e9 seu.<\/p>\n","protected":false},"excerpt":{"rendered":"<p>Finalmente, Ganso \u00e9 do S\u00e3o Paulo!\u00a0Depois de 162 jogos pelo Santos, 36 gols, tr\u00eas t\u00edtulos paulistas, uma Copa do Brasil e uma Libertadores, Paulo Henrique <a class=\"read-more\" href=\"https:\/\/blogs.gazetaesportiva.com\/michellegiannella\/2012\/09\/21\/a-novela-acabou-ganso-e-tricolor\/\">leia mais<\/a><\/p>\n","protected":false},"author":14,"featured_media":2195,"comment_status":"open","ping_status":"open","sticky":false,"template":"","format":"standard","meta":{"jetpack_post_was_ever_published":false,"_jetpack_newsletter_access":"","_jetpack_dont_email_post_to_subs":false,"_jetpack_newsletter_tier_id":0,"_jetpack_memberships_contains_paywalled_content":false,"_jetpack_memberships_contains_paid_content":false,"footnotes":"","jetpack_publicize_message":"","jetpack_publicize_feature_enabled":true,"jetpack_social_post_already_shared":false,"jetpack_social_options":{"image_generator_settings":{"template":"highway","default_image_id":0,"font":"","enabled":false},"version":2}},"categories":[1],"tags":[],"class_list":["post-2192","post","type-post","status-publish","format-standard","has-post-thumbnail","hentry","category-sem-categoria"],"jetpack_publicize_connections":[],"jetpack_featured_media_url":"https:\/\/blogs.gazetaesportiva.com\/michellegiannella\/files\/2012\/09\/ganso_apresenta_spfc_div_2.jpg","jetpack_sharing_enabled":true,"jetpack_shortlink":"https:\/\/wp.me\/p6rrMZ-zm","_links":{"self":[{"href":"https:\/\/blogs.gazetaesportiva.com\/michellegiannella\/wp-json\/wp\/v2\/posts\/2192","targetHints":{"allow":["GET"]}}],"collection":[{"href":"https:\/\/blogs.gazetaesportiva.com\/michellegiannella\/wp-json\/wp\/v2\/posts"}],"about":[{"href":"https:\/\/blogs.gazetaesportiva.com\/michellegiannella\/wp-json\/wp\/v2\/types\/post"}],"author":[{"embeddable":true,"href":"https:\/\/blogs.gazetaesportiva.com\/michellegiannella\/wp-json\/wp\/v2\/users\/14"}],"replies":[{"embeddable":true,"href":"https:\/\/blogs.gazetaesportiva.com\/michellegiannella\/wp-json\/wp\/v2\/comments?post=2192"}],"version-history":[{"count":0,"href":"https:\/\/blogs.gazetaesportiva.com\/michellegiannella\/wp-json\/wp\/v2\/posts\/2192\/revisions"}],"wp:featuredmedia":[{"embeddable":true,"href":"https:\/\/blogs.gazetaesportiva.com\/michellegiannella\/wp-json\/wp\/v2\/media\/2195"}],"wp:attachment":[{"href":"https:\/\/blogs.gazetaesportiva.com\/michellegiannella\/wp-json\/wp\/v2\/media?parent=2192"}],"wp:term":[{"taxonomy":"category","embeddable":true,"href":"https:\/\/blogs.gazetaesportiva.com\/michellegiannella\/wp-json\/wp\/v2\/categories?post=2192"},{"taxonomy":"post_tag","embeddable":true,"href":"https:\/\/blogs.gazetaesportiva.com\/michellegiannella\/wp-json\/wp\/v2\/tags?post=2192"}],"curies":[{"name":"wp","href":"https:\/\/api.w.org\/{rel}","templated":true}]}}