{"id":2179,"date":"2012-09-16T22:10:45","date_gmt":"2012-09-17T01:10:45","guid":{"rendered":"https:\/\/blogs.gazetaesportiva.com\/michellegiannella\/?p=2179"},"modified":"2012-09-16T22:26:59","modified_gmt":"2012-09-17T01:26:59","slug":"sera-que-vai-cair","status":"publish","type":"post","link":"https:\/\/blogs.gazetaesportiva.com\/michellegiannella\/2012\/09\/16\/sera-que-vai-cair\/","title":{"rendered":"Ser\u00e1 que vai cair?"},"content":{"rendered":"<p><figure id=\"attachment_2184\" aria-describedby=\"caption-attachment-2184\" style=\"width: 595px\" class=\"wp-caption aligncenter\"><a href=\"https:\/\/blogs.gazetaesportiva.com\/michellegiannella\/files\/2012\/09\/valdivia595.jpg\"><img loading=\"lazy\" decoding=\"async\" src=\"https:\/\/blogs.gazetaesportiva.com\/michellegiannella\/files\/2012\/09\/valdivia595.jpg\" alt=\"Sergio Baarzaghi\/Gazeta Press\" title=\"Sergio Baarzaghi\/Gazeta Press\" width=\"595\" height=\"374\" class=\"size-full wp-image-2184\" \/><\/a><figcaption id=\"caption-attachment-2184\" class=\"wp-caption-text\">Sergio Baarzaghi\/Gazeta Press<\/figcaption><\/figure>Oi pessoal! Como foi o final de semana de voc\u00eas? Para os palmeirenses n\u00e3o foi dos melhores&#8230; <\/p>\n<p>\nSinceramente, eu achava que hoje o Palmeiras iria vencer do Corinthians. O futebol tem aquele lance de caixinha de surpresas, de acontecer o imponder\u00e1vel dentro de campo&#8230; no entanto, n\u00e3o foi isso que vimos hoje. Deu a l\u00f3gica. O Corinthians era o favorito e afundou ainda mais o Palmeiras. A situa\u00e7\u00e3o do time beira o desespero. <\/p>\n<p>\nRomarinho marcou logo aos 21 minutos do primeiro tempo e Paulinho sacramentou aos 8 minutos do segundo tempo. Vald\u00edvia teve um gol anulado. <\/p>\n<p>\nPontos negativos: <\/p>\n<p>\n1) a atua\u00e7\u00e3o de Luan. O atleta estava fora de si, sem equil\u00edbrio dentro de campo. Prejudicou o time. <\/p>\n<p>\n2) O Pacaembu foi depredado por palmeirenses. Por enquanto a conta \u00e9 estimada em 12 mil reais e vai ser enviada para o Palestra It\u00e1lia.<\/p>\n<p>\n3) O Palmeiras est\u00e1 completamente perdido dentro de campo, e o pior, fora tamb\u00e9m. Parece um navio navegando sem rumo e sem comando. Falta um l\u00edder dentro e fora de campo.<\/p>\n<p>\n4) Afinal de contas, Felip\u00e3o foi demitido ou pediu demiss\u00e3o? N\u00e3o explicaram isso para a torcida at\u00e9 agora. O rep\u00f3rter Wanderley Nogueira diz que a iniciativa partiu de Felip\u00e3o e que a diretoria n\u00e3o fez a menor for\u00e7a para o treinador continuar. Gente, na boa, ruim com ele, pior sem ele. Ainda mais sem um treinador para assumir a equipe. <\/p>\n<p>\n5) Muito mais do que um treinador, a atitude para mudar dentro de campo precisa partir dos atletas. O grupo precisa assumir a responsabilidade, todos os atletas precisam se unir e lutar em favor da equipe. Um time como o Palmeiras n\u00e3o merece estar numa situa\u00e7\u00e3o dessas. Haja cora\u00e7\u00e3o ao pobre torcedor palmeirense! <\/p>\n","protected":false},"excerpt":{"rendered":"<p>Oi pessoal! Como foi o final de semana de voc\u00eas? Para os palmeirenses n\u00e3o foi dos melhores&#8230; Sinceramente, eu achava que hoje o Palmeiras iria <a class=\"read-more\" href=\"https:\/\/blogs.gazetaesportiva.com\/michellegiannella\/2012\/09\/16\/sera-que-vai-cair\/\">leia mais<\/a><\/p>\n","protected":false},"author":14,"featured_media":2184,"comment_status":"open","ping_status":"open","sticky":false,"template":"","format":"standard","meta":{"jetpack_post_was_ever_published":false,"_jetpack_newsletter_access":"","_jetpack_dont_email_post_to_subs":false,"_jetpack_newsletter_tier_id":0,"_jetpack_memberships_contains_paywalled_content":false,"_jetpack_memberships_contains_paid_content":false,"footnotes":"","jetpack_publicize_message":"","jetpack_publicize_feature_enabled":true,"jetpack_social_post_already_shared":false,"jetpack_social_options":{"image_generator_settings":{"template":"highway","default_image_id":0,"font":"","enabled":false},"version":2}},"categories":[1],"tags":[],"class_list":["post-2179","post","type-post","status-publish","format-standard","has-post-thumbnail","hentry","category-sem-categoria"],"jetpack_publicize_connections":[],"jetpack_featured_media_url":"https:\/\/blogs.gazetaesportiva.com\/michellegiannella\/files\/2012\/09\/valdivia595.jpg","jetpack_sharing_enabled":true,"jetpack_shortlink":"https:\/\/wp.me\/p6rrMZ-z9","_links":{"self":[{"href":"https:\/\/blogs.gazetaesportiva.com\/michellegiannella\/wp-json\/wp\/v2\/posts\/2179","targetHints":{"allow":["GET"]}}],"collection":[{"href":"https:\/\/blogs.gazetaesportiva.com\/michellegiannella\/wp-json\/wp\/v2\/posts"}],"about":[{"href":"https:\/\/blogs.gazetaesportiva.com\/michellegiannella\/wp-json\/wp\/v2\/types\/post"}],"author":[{"embeddable":true,"href":"https:\/\/blogs.gazetaesportiva.com\/michellegiannella\/wp-json\/wp\/v2\/users\/14"}],"replies":[{"embeddable":true,"href":"https:\/\/blogs.gazetaesportiva.com\/michellegiannella\/wp-json\/wp\/v2\/comments?post=2179"}],"version-history":[{"count":0,"href":"https:\/\/blogs.gazetaesportiva.com\/michellegiannella\/wp-json\/wp\/v2\/posts\/2179\/revisions"}],"wp:featuredmedia":[{"embeddable":true,"href":"https:\/\/blogs.gazetaesportiva.com\/michellegiannella\/wp-json\/wp\/v2\/media\/2184"}],"wp:attachment":[{"href":"https:\/\/blogs.gazetaesportiva.com\/michellegiannella\/wp-json\/wp\/v2\/media?parent=2179"}],"wp:term":[{"taxonomy":"category","embeddable":true,"href":"https:\/\/blogs.gazetaesportiva.com\/michellegiannella\/wp-json\/wp\/v2\/categories?post=2179"},{"taxonomy":"post_tag","embeddable":true,"href":"https:\/\/blogs.gazetaesportiva.com\/michellegiannella\/wp-json\/wp\/v2\/tags?post=2179"}],"curies":[{"name":"wp","href":"https:\/\/api.w.org\/{rel}","templated":true}]}}